{"id":68148,"date":"2025-06-06T12:08:59","date_gmt":"2025-06-06T18:08:59","guid":{"rendered":"https:\/\/encuentroinformativo.com.mx\/?p=68148"},"modified":"2025-06-06T12:08:59","modified_gmt":"2025-06-06T18:08:59","slug":"manuel-denuncia-en-el-senado-a-la-fiscalia-de-veracruz-por-tortura-a-un-indigena-detenido","status":"publish","type":"post","link":"https:\/\/encuentroinformativo.com.mx\/?p=68148","title":{"rendered":"Manuel denuncia en el Senado a la Fiscal\u00eda de Veracruz por tortura a un ind\u00edgena detenido"},"content":{"rendered":"<p><strong>Prosa aprisa<\/strong><\/p>\n<p><strong>Arturo Reyes Isidoro<\/strong><\/p>\n<p>En un hecho inusual, el senador Manuel Huerta denunci\u00f3 ayer en el Senado, con copia a la presidenta Claudia Sheinbaum y a la gobernadora Roc\u00edo Nahle, un caso de tortura de polic\u00edas ministeriales de Veracruz al ind\u00edgena \u00f1uh\u00fa-otom\u00ed, Diego Fernando Bonilla, de Texcatepec (al norte del estado), detenido, para que involucrara a otra persona en un homicidio.<\/p>\n<p>Explic\u00f3 que de acuerdo con denuncias presentadas por organizaciones defensoras de derechos humanos, el 30 de mayo de 2023, Bonilla habr\u00eda sido sometido a \u201ctratos crueles y degradantes que incluyeron inmovilizaci\u00f3n, asfixia con agua y haber sido envuelto en una cobija\u201d, un m\u00e9todo muy com\u00fan de polic\u00edas ministeriales para arrancar confesiones y luego acusar a inocentes diciendo que obtuvieron pruebas por \u201cm\u00e9todo cient\u00edfico\u201d.<\/p>\n<p>Lo inusual es porque pocas veces un legislador veracruzano ha hecho una grave denuncia en el Congreso de la Uni\u00f3n contra un fiscal del estado y menos contra una funcionaria de un gobierno de su mismo partido, pues la actual fiscal, aparente aut\u00f3noma, surgi\u00f3 de la Secretar\u00eda de Gobierno donde trabajaba bajo las \u00f3rdenes del entonces titular Eric Cisneros, de muy negra memoria por su historial represivo, y act\u00faa como una empleada oficial m\u00e1s.<\/p>\n<p>El senador dijo que Bonilla fue obligado a firmar una declaraci\u00f3n escrita en espa\u00f1ol, idioma que no comprende, en el contexto de una comparecencia como testigo relacionada con el homicidio de Ad\u00e1n Reyes, para involucrar a Silverio \u2018N\u2019, tambi\u00e9n detenido; que su testimonio original fue presuntamente alterado.<\/p>\n<p>En conferencia de prensa, inform\u00f3 que present\u00f3 un Punto de Acuerdo, por medio del cual se exhorta a la Fiscal\u00eda General del Estado de Veracruz, a la Comisi\u00f3n Estatal de Derechos Humanos y al Consejo de la Judicatura del Estado de Veracruz, para que act\u00faen en consecuencia y rindan al Senado, a la brevedad, una respuesta.<\/p>\n<p><strong>Ese tipo de abusos pudo haber contribuido al voto de castigo contra Morena<\/strong><\/p>\n<p>La denuncia refleja lo que ha sido una constante de la fiscal\u00eda bajo el mando de Ver\u00f3nica Hern\u00e1ndez Giad\u00e1ns desde el gobierno de Cuitl\u00e1huac Garc\u00eda Jim\u00e9nez, que tiene en prisi\u00f3n a por lo menos 4 mil personas, seg\u00fan denunci\u00f3 el pasado 15 de marzo Jos\u00e9 Manuel del R\u00edo Virgen, impulsor del Proyecto Inocencia en Veracruz (una iniciativa en varios pa\u00edses del mundo, originada en Estados Unidos) para tratar de liberar a inocentes.<\/p>\n<p>Sin embargo, pese a que en muchos casos se ha comprobado hasta con videos que se detuvo a inocentes, y que la judicatura federal ha amparado a detenidos y ordenado su libertad porque no existe una sola prueba en su contra, muchas veces no se han acatado las resoluciones y sin embargo la fiscal permanece inmovible en el cargo.<\/p>\n<p>Ese tipo de abusos puede ser explicativo de por qu\u00e9 Morena perdi\u00f3 el pasado domingo la mayor\u00eda de las alcald\u00edas del estado, pues la poblaci\u00f3n est\u00e1 cansada del abuso y la arbitrariedad con la que act\u00faan las autoridades, situaci\u00f3n que se pens\u00f3 que iba a cambiar con la llegada del nuevo partido al gobierno, pero la cosa no solo sigui\u00f3 igual sino que empeor\u00f3.<\/p>\n<p>Manuel Huerta ha sido cr\u00edtico y autocr\u00edtico del gobierno de su partido y ha venido denunciado p\u00fablicamente las irregularidades que se contin\u00faan cometiendo al amparo del poder, lo que le ha valido que lo acusen de \u201ctraidor\u201d, ante lo que repite que Morena desvi\u00f3 el rumbo y perdi\u00f3 su esencia. Su denuncia en el Senado es parte de su lucha por tratar de regresar las aguas a su cauce natural ante el derrumbe que sufri\u00f3 su partido el domingo pasado.<\/p>\n<p><strong>Y quiere que Roc\u00edo se someta a revocaci\u00f3n de mandato<\/strong><\/p>\n<p>No se sabe si ya prev\u00eda el resultado del domingo, pero faltando 15 d\u00edas para las elecciones, el mismo senador Huerta, en pleno periodo de campa\u00f1as electorales, declar\u00f3 que la gobernadora Roc\u00edo Nahle debe someterse a revocaci\u00f3n de mandato en 2027 para que \u201cse le revise si est\u00e1 cumpliendo o no\u201d y para que \u201cel pueblo decida si se sigue o si se va al rancho del presidente\u201d (La Chingada).<\/p>\n<p>Ocurri\u00f3 el 15 de marzo durante una conferencia de prensa en Poza Rica, donde sac\u00f3 a colaci\u00f3n el tema. Dijo que espera que en 2027 se aplique la revocaci\u00f3n, \u201cporque el tribunal ya le dijo a los diputados locales, que ac\u00e1 se hicieron, como dicen en mi pueblo, T\u00edo Lolo y no hicieron la ley para la revocaci\u00f3n de mandato\u201d.<\/p>\n<p>Expres\u00f3 que Veracruz todav\u00eda est\u00e1 a tiempo, \u201cyo quiero ver que el Congreso local haga esa ley para armonizar y estoy seguro que Roc\u00edo, que es una mujer a la que le gusta el arbitraje, ella va a estar dispuesta a que en el 27 se le revise si est\u00e1 cumpliendo o no est\u00e1 cumpliendo, para m\u00ed que va a suceder y lo tiene que hacer porque es buena gobernadora y no va a tener miedo a que el pueblo decida si se sigue o si se va al rancho del presidente&#8221; (La Chingada).<\/p>\n<p>Hubo quienes consideraron que era inoportuno el comentario y lo tomaron como parte de su confrontaci\u00f3n con la gobernadora, de una divisi\u00f3n interna porque hicieron a un lado a sus candidatos a presidentes municipales, aunque al final casi todos ganaron bajo las siglas de otros partidos, sobre todo de MC y del PT, y derrotaron a los de Morena.<\/p>\n<p>Por su denuncia en el Senado y por la estrepitosa derrota de su partido el domingo pasado, no se cree que Manuel le bajar\u00e1 el volumen y el nivel a su cr\u00edtica contra el gobierno de Roc\u00edo Nahle.<\/p>\n<p><strong>Y Juan Vergel acusa sectarismo y \u201cpr\u00e1cticas que los electores repudian\u201d<\/strong><\/p>\n<p>En ese tono, aunque sin mencionar nombres y sin pronunciarse en forma abierta, cuidando sus palabras, el exaspirante a la alcald\u00eda de Xalapa, Juan Vergel Pacheco, exdirector regional de Bienestar en la capital del estado, identificado con la corriente pol\u00edtica de Manuel Huerta, tambi\u00e9n calific\u00f3 de \u201cinteligente y did\u00e1ctica\u201d la lectura de la presidenta Sheinbaum sobre los resultados de las elecciones municipales en Veracruz.<\/p>\n<p>Pero apunt\u00f3: \u201cCon unidad pol\u00edtica los partidos (quiz\u00e1 quiso decir los candidatos) de la 4T son m\u00e1s competitivos y pueden alcanzar las mayor\u00edas electorales, al contrario, si prevalecen el sectarismo, la exclusi\u00f3n y todas esas pr\u00e1cticas que los electores repudian no habr\u00e1 transformaci\u00f3n ni ruta para un siguiente piso\u201d.<\/p>\n<p>Precis\u00f3 que esa lectura \u201cde ninguna manera son aplausos para el resultado, m\u00e1s bien es una clara llamada de atenci\u00f3n para corregir las pr\u00e1cticas que han provocado los resultados que ya conocemos\u201d.<\/p>\n<p>Lo public\u00f3 en su cuenta de Facebook el mi\u00e9rcoles. Vergel aspir\u00f3 a la candidatura pero fue ignorado ol\u00edmpicamente por su partido no obstante que realiz\u00f3 un trabajo de mucha penetraci\u00f3n en las colonias, y tambi\u00e9n por quien decidi\u00f3 las candidaturas.<\/p>\n<p>Yendo solo, de 46 candidaturas que present\u00f3, Morena gan\u00f3 solo 11<\/p>\n<p>Conforme pasan las horas y los d\u00edas y se conocen las cifras finales del c\u00f3mputo de actas, queda expuesto el gran fracaso de Morena en las elecciones del domingo.<\/p>\n<p>Ayer, en conferencia de prensa, el dirigente nacional del PRI, Alejandro Moreno, destac\u00f3 un hecho poco comentado: que yendo solo Morena, fuera de coalici\u00f3n, de 46 candidaturas que present\u00f3 a igual n\u00famero de alcald\u00edas, gan\u00f3 solo 11, resultado que, en efecto, qued\u00f3 registrado desde la media noche del domingo-lunes en el PREP del OPLE.<\/p>\n<p>Sin duda, ellos como partido tienen acceso a toda la numeralia registrada en el OPLE y de ah\u00ed sacan su informaci\u00f3n. Habl\u00f3 \u00e9l de que le dieron una \u201cmacaniza\u201d al partido en el poder.<\/p>\n<p>Anoche, al cerrar la columna, se hab\u00edan computado ya los resultados de 198 municipios, faltando solo 14, que deber\u00e1n quedar listos antes del domingo, pero fuentes que participan en el c\u00f3mputo dijeron al columnista que no esperan que se altere el n\u00famero de alcald\u00edas obtenidas por los partidos, y si acaso se mover\u00e1 el n\u00famero de votos, pero no en forma significativa para modificar resultados.<\/p>\n<p>Definitivamente, la oposici\u00f3n fren\u00f3 el colado del techo de la planta baja del edificio guinda y par\u00f3 en seco la construcci\u00f3n del segundo piso. Sin duda, termina para el gobierno y su partido una semana verdaderamente horribilis, que muchos van a recordar todo su vida. Y como si no hubieran tenido ya suficiente, ahora el rector de la 4T, Mart\u00edn Aguilar S\u00e1nchez, pretende prolongar su mandato sin cumplir con el requisito de la edad, por sus pistolas. Si lo logra, les espera el voto de castigo en 2027.<\/p>\n","protected":false},"excerpt":{"rendered":"<p>Prosa aprisa Arturo Reyes Isidoro En un hecho inusual, el senador Manuel Huerta denunci\u00f3 ayer en el Senado, con copia a la presidenta Claudia Sheinbaum y a la gobernadora Roc\u00edo Nahle, un caso de tortura de polic\u00edas ministeriales de Veracruz al ind\u00edgena \u00f1uh\u00fa-otom\u00ed, Diego Fernando Bonilla, de Texcatepec (al norte del estado), detenido, para que [&hellip;]<\/p>\n","protected":false},"author":2476,"featured_media":387,"comment_status":"open","ping_status":"open","sticky":false,"template":"","format":"standard","meta":{"_jetpack_memberships_contains_paid_content":false,"footnotes":""},"categories":[11],"tags":[],"class_list":["post-68148","post","type-post","status-publish","format-standard","has-post-thumbnail","hentry","category-opinion"],"jetpack_featured_media_url":"https:\/\/encuentroinformativo.com.mx\/wp-content\/uploads\/2020\/03\/7CF8A22B-2764-47BE-8F7F-38FE9E5D6A2F.jpeg","jetpack_sharing_enabled":true,"jetpack_likes_enabled":true,"amp_enabled":true,"_links":{"self":[{"href":"https:\/\/encuentroinformativo.com.mx\/index.php?rest_route=\/wp\/v2\/posts\/68148","targetHints":{"allow":["GET"]}}],"collection":[{"href":"https:\/\/encuentroinformativo.com.mx\/index.php?rest_route=\/wp\/v2\/posts"}],"about":[{"href":"https:\/\/encuentroinformativo.com.mx\/index.php?rest_route=\/wp\/v2\/types\/post"}],"author":[{"embeddable":true,"href":"https:\/\/encuentroinformativo.com.mx\/index.php?rest_route=\/wp\/v2\/users\/2476"}],"replies":[{"embeddable":true,"href":"https:\/\/encuentroinformativo.com.mx\/index.php?rest_route=%2Fwp%2Fv2%2Fcomments&post=68148"}],"version-history":[{"count":1,"href":"https:\/\/encuentroinformativo.com.mx\/index.php?rest_route=\/wp\/v2\/posts\/68148\/revisions"}],"predecessor-version":[{"id":68149,"href":"https:\/\/encuentroinformativo.com.mx\/index.php?rest_route=\/wp\/v2\/posts\/68148\/revisions\/68149"}],"wp:featuredmedia":[{"embeddable":true,"href":"https:\/\/encuentroinformativo.com.mx\/index.php?rest_route=\/wp\/v2\/media\/387"}],"wp:attachment":[{"href":"https:\/\/encuentroinformativo.com.mx\/index.php?rest_route=%2Fwp%2Fv2%2Fmedia&parent=68148"}],"wp:term":[{"taxonomy":"category","embeddable":true,"href":"https:\/\/encuentroinformativo.com.mx\/index.php?rest_route=%2Fwp%2Fv2%2Fcategories&post=68148"},{"taxonomy":"post_tag","embeddable":true,"href":"https:\/\/encuentroinformativo.com.mx\/index.php?rest_route=%2Fwp%2Fv2%2Ftags&post=68148"}],"curies":[{"name":"wp","href":"https:\/\/api.w.org\/{rel}","templated":true}]}}