{"id":68152,"date":"2025-06-06T12:37:10","date_gmt":"2025-06-06T18:37:10","guid":{"rendered":"https:\/\/encuentroinformativo.com.mx\/?p=68152"},"modified":"2025-06-06T12:37:10","modified_gmt":"2025-06-06T18:37:10","slug":"se-vuelca-camioneta-de-mariscos-en-autopista-a-cordoba","status":"publish","type":"post","link":"https:\/\/encuentroinformativo.com.mx\/?p=68152","title":{"rendered":"Se vuelca camioneta de mariscos en autopista a C\u00f3rdoba"},"content":{"rendered":"<p><strong>Alejandro \u00c1vila<\/strong><\/p>\n<p>Veracruz, Ver.- Una camioneta que transportaba camar\u00f3n congelado volc\u00f3 sobre la autopista Veracruz &#8211; C\u00f3rdoba la ma\u00f1ana de este viernes 6 de junio.<\/p>\n<p>La unidad de la marca Ford tipo F150 color roja que transportaba decenas de taras con camar\u00f3n congelado, circulaba con normalidad cuando repentinamente al llegar al kil\u00f3metro 95 una falla hizo perder el control al operador.<\/p>\n<p>A decir de los agraviados, iban en el sentido a la caseta de Paso del Toro cuando el cofre se les levant\u00f3 y les quit\u00f3 toda visibilidad, por lo que el conductor trat\u00f3 de frenar y maniobrar pero perdi\u00f3 el control del volante.<\/p>\n<p>Fue as\u00ed que se sali\u00f3 el camino hacia la cuneta central donde finalmente volc\u00f3 sobre su costado izquierdo, en tanto que otros automovilistas que pasaban por el lugar se detuvieron para pedir el auxilio.<\/p>\n<p>Algunos compa\u00f1eros de la misma empresa para la que trabajan acudieron en apoyo para recuperar la carga y que no se echara a perder, en tanto la Guardia Nacional Divisi\u00f3n Caminos lleg\u00f3 para ordenar el retiro de la camioneta.<\/p>\n<p><img loading=\"lazy\" decoding=\"async\" class=\"aligncenter size-medium wp-image-68153\" src=\"https:\/\/encuentroinformativo.com.mx\/wp-content\/uploads\/2025\/06\/IMG-20250606-WA0174-300x225.jpg\" alt=\"\" width=\"300\" height=\"225\" srcset=\"https:\/\/encuentroinformativo.com.mx\/wp-content\/uploads\/2025\/06\/IMG-20250606-WA0174-300x225.jpg 300w, https:\/\/encuentroinformativo.com.mx\/wp-content\/uploads\/2025\/06\/IMG-20250606-WA0174-1024x768.jpg 1024w, https:\/\/encuentroinformativo.com.mx\/wp-content\/uploads\/2025\/06\/IMG-20250606-WA0174-768x576.jpg 768w, https:\/\/encuentroinformativo.com.mx\/wp-content\/uploads\/2025\/06\/IMG-20250606-WA0174-1536x1152.jpg 1536w, https:\/\/encuentroinformativo.com.mx\/wp-content\/uploads\/2025\/06\/IMG-20250606-WA0174.jpg 1600w\" sizes=\"auto, (max-width: 300px) 100vw, 300px\" \/><\/p>\n","protected":false},"excerpt":{"rendered":"<p>Alejandro \u00c1vila Veracruz, Ver.- Una camioneta que transportaba camar\u00f3n congelado volc\u00f3 sobre la autopista Veracruz &#8211; C\u00f3rdoba la ma\u00f1ana de este viernes 6 de junio. La unidad de la marca Ford tipo F150 color roja que transportaba decenas de taras con camar\u00f3n congelado, circulaba con normalidad cuando repentinamente al llegar al kil\u00f3metro 95 una falla [&hellip;]<\/p>\n","protected":false},"author":2476,"featured_media":68151,"comment_status":"open","ping_status":"open","sticky":false,"template":"","format":"standard","meta":{"_jetpack_memberships_contains_paid_content":false,"footnotes":""},"categories":[2],"tags":[],"class_list":["post-68152","post","type-post","status-publish","format-standard","has-post-thumbnail","hentry","category-estado"],"jetpack_featured_media_url":"https:\/\/encuentroinformativo.com.mx\/wp-content\/uploads\/2025\/06\/IMG-20250606-WA0177.jpg","jetpack_sharing_enabled":true,"jetpack_likes_enabled":true,"amp_enabled":true,"_links":{"self":[{"href":"https:\/\/encuentroinformativo.com.mx\/index.php?rest_route=\/wp\/v2\/posts\/68152","targetHints":{"allow":["GET"]}}],"collection":[{"href":"https:\/\/encuentroinformativo.com.mx\/index.php?rest_route=\/wp\/v2\/posts"}],"about":[{"href":"https:\/\/encuentroinformativo.com.mx\/index.php?rest_route=\/wp\/v2\/types\/post"}],"author":[{"embeddable":true,"href":"https:\/\/encuentroinformativo.com.mx\/index.php?rest_route=\/wp\/v2\/users\/2476"}],"replies":[{"embeddable":true,"href":"https:\/\/encuentroinformativo.com.mx\/index.php?rest_route=%2Fwp%2Fv2%2Fcomments&post=68152"}],"version-history":[{"count":2,"href":"https:\/\/encuentroinformativo.com.mx\/index.php?rest_route=\/wp\/v2\/posts\/68152\/revisions"}],"predecessor-version":[{"id":68155,"href":"https:\/\/encuentroinformativo.com.mx\/index.php?rest_route=\/wp\/v2\/posts\/68152\/revisions\/68155"}],"wp:featuredmedia":[{"embeddable":true,"href":"https:\/\/encuentroinformativo.com.mx\/index.php?rest_route=\/wp\/v2\/media\/68151"}],"wp:attachment":[{"href":"https:\/\/encuentroinformativo.com.mx\/index.php?rest_route=%2Fwp%2Fv2%2Fmedia&parent=68152"}],"wp:term":[{"taxonomy":"category","embeddable":true,"href":"https:\/\/encuentroinformativo.com.mx\/index.php?rest_route=%2Fwp%2Fv2%2Fcategories&post=68152"},{"taxonomy":"post_tag","embeddable":true,"href":"https:\/\/encuentroinformativo.com.mx\/index.php?rest_route=%2Fwp%2Fv2%2Ftags&post=68152"}],"curies":[{"name":"wp","href":"https:\/\/api.w.org\/{rel}","templated":true}]}}