{"id":68156,"date":"2025-06-06T12:41:18","date_gmt":"2025-06-06T18:41:18","guid":{"rendered":"https:\/\/encuentroinformativo.com.mx\/?p=68156"},"modified":"2025-06-06T12:41:18","modified_gmt":"2025-06-06T18:41:18","slug":"en-protesta-ciudadanos-de-paso-del-macho-le-quitan-medidor-a-oficinas-de-cfe","status":"publish","type":"post","link":"https:\/\/encuentroinformativo.com.mx\/?p=68156","title":{"rendered":"En protesta, ciudadanos de Paso del Macho le quitan medidor a oficinas de CFE"},"content":{"rendered":"<p><strong>Alejandro \u00c1vila<\/strong><\/p>\n<p>Paso del Macho, Ver.- Ciudadanos de diversas localidades y colonias del municipio de Paso del Macho, le quitaron el medidor a las oficinas de Comisi\u00f3n Federal de Electricidad (CFE) en protesta por la falta de energ\u00eda el\u00e9ctrica en sus hogares.<\/p>\n<p>La ma\u00f1ana de este viernes se cumplieron tres d\u00edas sin energ\u00eda el\u00e9ctrica en cientos de domicilios, lo cual ha afectado los alimentos refrigerados y diversos aparatos el\u00e9ctricos.<\/p>\n<p>La falta de energ\u00eda el\u00e9ctrica comenz\u00f3 hace 3 d\u00edas con la tromba que azot\u00f3 la ciudad y, desde esa fecha los empleados de la dependencia federal no han arreglado el problema que ha afectado a miles de ciudadanos.<\/p>\n<p>Tras la protesta y toma de las instalaciones, varias cuadrillas con brigadistas de CFE salieron a restablecer la energ\u00eda el\u00e9ctrica en las zonas afectadas.<\/p>\n","protected":false},"excerpt":{"rendered":"<p>Alejandro \u00c1vila Paso del Macho, Ver.- Ciudadanos de diversas localidades y colonias del municipio de Paso del Macho, le quitaron el medidor a las oficinas de Comisi\u00f3n Federal de Electricidad (CFE) en protesta por la falta de energ\u00eda el\u00e9ctrica en sus hogares. La ma\u00f1ana de este viernes se cumplieron tres d\u00edas sin energ\u00eda el\u00e9ctrica en [&hellip;]<\/p>\n","protected":false},"author":2476,"featured_media":68157,"comment_status":"open","ping_status":"open","sticky":false,"template":"","format":"standard","meta":{"_jetpack_memberships_contains_paid_content":false,"footnotes":""},"categories":[2],"tags":[],"class_list":["post-68156","post","type-post","status-publish","format-standard","has-post-thumbnail","hentry","category-estado"],"jetpack_featured_media_url":"https:\/\/encuentroinformativo.com.mx\/wp-content\/uploads\/2025\/06\/IMG-20250606-WA01352.jpg","jetpack_sharing_enabled":true,"jetpack_likes_enabled":true,"amp_enabled":true,"_links":{"self":[{"href":"https:\/\/encuentroinformativo.com.mx\/index.php?rest_route=\/wp\/v2\/posts\/68156","targetHints":{"allow":["GET"]}}],"collection":[{"href":"https:\/\/encuentroinformativo.com.mx\/index.php?rest_route=\/wp\/v2\/posts"}],"about":[{"href":"https:\/\/encuentroinformativo.com.mx\/index.php?rest_route=\/wp\/v2\/types\/post"}],"author":[{"embeddable":true,"href":"https:\/\/encuentroinformativo.com.mx\/index.php?rest_route=\/wp\/v2\/users\/2476"}],"replies":[{"embeddable":true,"href":"https:\/\/encuentroinformativo.com.mx\/index.php?rest_route=%2Fwp%2Fv2%2Fcomments&post=68156"}],"version-history":[{"count":1,"href":"https:\/\/encuentroinformativo.com.mx\/index.php?rest_route=\/wp\/v2\/posts\/68156\/revisions"}],"predecessor-version":[{"id":68158,"href":"https:\/\/encuentroinformativo.com.mx\/index.php?rest_route=\/wp\/v2\/posts\/68156\/revisions\/68158"}],"wp:featuredmedia":[{"embeddable":true,"href":"https:\/\/encuentroinformativo.com.mx\/index.php?rest_route=\/wp\/v2\/media\/68157"}],"wp:attachment":[{"href":"https:\/\/encuentroinformativo.com.mx\/index.php?rest_route=%2Fwp%2Fv2%2Fmedia&parent=68156"}],"wp:term":[{"taxonomy":"category","embeddable":true,"href":"https:\/\/encuentroinformativo.com.mx\/index.php?rest_route=%2Fwp%2Fv2%2Fcategories&post=68156"},{"taxonomy":"post_tag","embeddable":true,"href":"https:\/\/encuentroinformativo.com.mx\/index.php?rest_route=%2Fwp%2Fv2%2Ftags&post=68156"}],"curies":[{"name":"wp","href":"https:\/\/api.w.org\/{rel}","templated":true}]}}