{"id":68159,"date":"2025-06-06T12:47:48","date_gmt":"2025-06-06T18:47:48","guid":{"rendered":"https:\/\/encuentroinformativo.com.mx\/?p=68159"},"modified":"2025-06-06T12:47:48","modified_gmt":"2025-06-06T18:47:48","slug":"veracruzanos-al-mundial-juvenil-de-artes-marciales-mixtas-en-abu-dhabi","status":"publish","type":"post","link":"https:\/\/encuentroinformativo.com.mx\/?p=68159","title":{"rendered":"Veracruzanos al Mundial Juvenil de Artes Marciales Mixtas en Abu Dhabi"},"content":{"rendered":"<p><strong>Alejandro \u00c1vila<\/strong><\/p>\n<p>Veracruz, Ver.- Cinco atletas veracruzanos forman parte de la Selecci\u00f3n Mexicana que participar\u00e1 en el Mundial Juvenil de Artes Marciales Mixtas a celebrarse del 20 al 27 de julio en la ciudad de Abu Dhabi en los Emiratos \u00c1rabes Unidos.<\/p>\n<p>El presidente de la Asociaci\u00f3n de Artes Marciales Mixtas del Golfo, Agust\u00edn Guzm\u00e1n Arellano inform\u00f3 que, los atletas veracruzanos convocados a la Selecci\u00f3n Nacional Juvenil de Artes Marciales Mixtas son: Jos\u00e9 Mart\u00edn Morales Vera, Sergio Esteban Guzm\u00e1n Becerra, Jana Camila Ocadio Mart\u00ednez, Jos\u00e9 Gabriel Rodr\u00edguez Carmona y Melissa Zuasti V\u00e1squez.<\/p>\n<p>\u201cLa verdad es que estamos muy contentos por esta noticia, tenemos oficialmente a cinco atletas del estado de Veracruz para representarnos en el Mundial Juvenil en Abu Dhabi, es un esfuerzo muy grande de todos los profesores, toda la organizaci\u00f3n del estado y es el resultado por primera vez tendremos cinco chicos juveniles.<\/p>\n<p>Esperamos que cierre la selecci\u00f3n de M\u00e9xico con aproximadamente 25 atletas, 10 coaches, ser\u00e1 una muy buena selecci\u00f3n nacional; con cinco veracruzanos, esto es incre\u00edble pero gracias al trabajo que se ha estado haciendo todos estos a\u00f1os y esperamos que los chicos hagan un gran papel.<\/p>\n<p>Los chicos llevan un muy buen n\u00edvel t\u00e9cnico, se han desarrollado desde los torneos municipales, estatales y regionales. Hay chicos que ya son mundialistas, medallistas panamericanos y van muy s\u00f3lidos en su trabajo; los coaches han hecho un trabajo incre\u00edble y es parte del desarrollo&#8221;, subray\u00f3.<\/p>\n","protected":false},"excerpt":{"rendered":"<p>Alejandro \u00c1vila Veracruz, Ver.- Cinco atletas veracruzanos forman parte de la Selecci\u00f3n Mexicana que participar\u00e1 en el Mundial Juvenil de Artes Marciales Mixtas a celebrarse del 20 al 27 de julio en la ciudad de Abu Dhabi en los Emiratos \u00c1rabes Unidos. El presidente de la Asociaci\u00f3n de Artes Marciales Mixtas del Golfo, Agust\u00edn Guzm\u00e1n [&hellip;]<\/p>\n","protected":false},"author":2476,"featured_media":68160,"comment_status":"open","ping_status":"open","sticky":false,"template":"","format":"standard","meta":{"_jetpack_memberships_contains_paid_content":false,"footnotes":""},"categories":[2],"tags":[],"class_list":["post-68159","post","type-post","status-publish","format-standard","has-post-thumbnail","hentry","category-estado"],"jetpack_featured_media_url":"https:\/\/encuentroinformativo.com.mx\/wp-content\/uploads\/2025\/06\/IMG-20250606-WA01892.jpg","jetpack_sharing_enabled":true,"jetpack_likes_enabled":true,"amp_enabled":true,"_links":{"self":[{"href":"https:\/\/encuentroinformativo.com.mx\/index.php?rest_route=\/wp\/v2\/posts\/68159","targetHints":{"allow":["GET"]}}],"collection":[{"href":"https:\/\/encuentroinformativo.com.mx\/index.php?rest_route=\/wp\/v2\/posts"}],"about":[{"href":"https:\/\/encuentroinformativo.com.mx\/index.php?rest_route=\/wp\/v2\/types\/post"}],"author":[{"embeddable":true,"href":"https:\/\/encuentroinformativo.com.mx\/index.php?rest_route=\/wp\/v2\/users\/2476"}],"replies":[{"embeddable":true,"href":"https:\/\/encuentroinformativo.com.mx\/index.php?rest_route=%2Fwp%2Fv2%2Fcomments&post=68159"}],"version-history":[{"count":1,"href":"https:\/\/encuentroinformativo.com.mx\/index.php?rest_route=\/wp\/v2\/posts\/68159\/revisions"}],"predecessor-version":[{"id":68161,"href":"https:\/\/encuentroinformativo.com.mx\/index.php?rest_route=\/wp\/v2\/posts\/68159\/revisions\/68161"}],"wp:featuredmedia":[{"embeddable":true,"href":"https:\/\/encuentroinformativo.com.mx\/index.php?rest_route=\/wp\/v2\/media\/68160"}],"wp:attachment":[{"href":"https:\/\/encuentroinformativo.com.mx\/index.php?rest_route=%2Fwp%2Fv2%2Fmedia&parent=68159"}],"wp:term":[{"taxonomy":"category","embeddable":true,"href":"https:\/\/encuentroinformativo.com.mx\/index.php?rest_route=%2Fwp%2Fv2%2Fcategories&post=68159"},{"taxonomy":"post_tag","embeddable":true,"href":"https:\/\/encuentroinformativo.com.mx\/index.php?rest_route=%2Fwp%2Fv2%2Ftags&post=68159"}],"curies":[{"name":"wp","href":"https:\/\/api.w.org\/{rel}","templated":true}]}}