{"id":68162,"date":"2025-06-06T13:41:05","date_gmt":"2025-06-06T19:41:05","guid":{"rendered":"https:\/\/encuentroinformativo.com.mx\/?p=68162"},"modified":"2025-06-06T13:41:05","modified_gmt":"2025-06-06T19:41:05","slug":"tres-lesionados-deja-violento-asalto-en-gasolinera-de-sayula-de-aleman","status":"publish","type":"post","link":"https:\/\/encuentroinformativo.com.mx\/?p=68162","title":{"rendered":"Tres lesionados deja violento asalto en gasolinera de Sayula de Alem\u00e1n"},"content":{"rendered":"<p><strong>Alejandro \u00c1vila<\/strong><\/p>\n<p>Sayula de Alem\u00e1n, Ver.- La ola de violencia en el municipio de Sayula de Alem\u00e1n no desiste y, la noche de este jueves se suscit\u00f3 un violento asalto a una gasolinera que dej\u00f3 como saldo tres personas lesionadas.<\/p>\n<p>Minutos antes de la medianoche cuatro sujetos a bordo de dos motocicletas Italika irrumpieron en la gasolinera Servifacil, ubicada sobre la carretera Trans\u00edstmica a la altura de la zona conocida como Villacantares, sin mediar palabra, los hombres descendieron de los veh\u00edculos y comenzaron a intimidar a quienes se encontraban en el lugar.<\/p>\n<p>El despachador, un vigilante de seguridad y un cliente que se encontraba cargando combustible intentaron resistirse a los asaltantes o defenderse, lo que provoc\u00f3 una violenta reacci\u00f3n por parte de los delincuentes.<\/p>\n<p>Los sujetos golpearon brutalmente a los tres hombres, el vigilante fue azotado contra el pavimento, resultando con una herida sangrante en el cr\u00e1neo; el despachador sufri\u00f3 una posible fractura en la mu\u00f1eca al intentar cubrirse de un golpe; mientras que el cliente recibi\u00f3 m\u00faltiples golpes en la cabeza. Los agresores se dieron a la fuga inmediatamente despu\u00e9s del ataque, sin que se conozca hasta el momento el monto robado.<\/p>\n<p>Al lugar arribaron de forma inmediata param\u00e9dicos de la Cruz Roja delegaci\u00f3n Acayucan, quienes brindaron atenci\u00f3n prehospitalaria a los lesionados. Posteriormente, los heridos fueron trasladados a un hospital de la zona para recibir atenci\u00f3n especializada.<\/p>\n","protected":false},"excerpt":{"rendered":"<p>Alejandro \u00c1vila Sayula de Alem\u00e1n, Ver.- La ola de violencia en el municipio de Sayula de Alem\u00e1n no desiste y, la noche de este jueves se suscit\u00f3 un violento asalto a una gasolinera que dej\u00f3 como saldo tres personas lesionadas. Minutos antes de la medianoche cuatro sujetos a bordo de dos motocicletas Italika irrumpieron en [&hellip;]<\/p>\n","protected":false},"author":2476,"featured_media":68163,"comment_status":"open","ping_status":"open","sticky":false,"template":"","format":"standard","meta":{"_jetpack_memberships_contains_paid_content":false,"footnotes":""},"categories":[14],"tags":[],"class_list":["post-68162","post","type-post","status-publish","format-standard","has-post-thumbnail","hentry","category-policiaca"],"jetpack_featured_media_url":"https:\/\/encuentroinformativo.com.mx\/wp-content\/uploads\/2025\/06\/IMG-20250606-WA0157.jpg","jetpack_sharing_enabled":true,"jetpack_likes_enabled":true,"amp_enabled":true,"_links":{"self":[{"href":"https:\/\/encuentroinformativo.com.mx\/index.php?rest_route=\/wp\/v2\/posts\/68162","targetHints":{"allow":["GET"]}}],"collection":[{"href":"https:\/\/encuentroinformativo.com.mx\/index.php?rest_route=\/wp\/v2\/posts"}],"about":[{"href":"https:\/\/encuentroinformativo.com.mx\/index.php?rest_route=\/wp\/v2\/types\/post"}],"author":[{"embeddable":true,"href":"https:\/\/encuentroinformativo.com.mx\/index.php?rest_route=\/wp\/v2\/users\/2476"}],"replies":[{"embeddable":true,"href":"https:\/\/encuentroinformativo.com.mx\/index.php?rest_route=%2Fwp%2Fv2%2Fcomments&post=68162"}],"version-history":[{"count":1,"href":"https:\/\/encuentroinformativo.com.mx\/index.php?rest_route=\/wp\/v2\/posts\/68162\/revisions"}],"predecessor-version":[{"id":68164,"href":"https:\/\/encuentroinformativo.com.mx\/index.php?rest_route=\/wp\/v2\/posts\/68162\/revisions\/68164"}],"wp:featuredmedia":[{"embeddable":true,"href":"https:\/\/encuentroinformativo.com.mx\/index.php?rest_route=\/wp\/v2\/media\/68163"}],"wp:attachment":[{"href":"https:\/\/encuentroinformativo.com.mx\/index.php?rest_route=%2Fwp%2Fv2%2Fmedia&parent=68162"}],"wp:term":[{"taxonomy":"category","embeddable":true,"href":"https:\/\/encuentroinformativo.com.mx\/index.php?rest_route=%2Fwp%2Fv2%2Fcategories&post=68162"},{"taxonomy":"post_tag","embeddable":true,"href":"https:\/\/encuentroinformativo.com.mx\/index.php?rest_route=%2Fwp%2Fv2%2Ftags&post=68162"}],"curies":[{"name":"wp","href":"https:\/\/api.w.org\/{rel}","templated":true}]}}