{"id":68170,"date":"2025-06-06T14:00:14","date_gmt":"2025-06-06T20:00:14","guid":{"rendered":"https:\/\/encuentroinformativo.com.mx\/?p=68170"},"modified":"2025-06-06T14:00:14","modified_gmt":"2025-06-06T20:00:14","slug":"reclaman-becas-estudiantes-de-posgrados-uv","status":"publish","type":"post","link":"https:\/\/encuentroinformativo.com.mx\/?p=68170","title":{"rendered":"Reclaman becas estudiantes de posgrados UV"},"content":{"rendered":"<p><strong>Dar\u00edo Pale<\/strong><\/p>\n<p>Xalapa, Ver.- Estudiantes de posgrado del Instituto de Investigaciones Cerebrales de la Universidad Veracruzana (UV), se manifestaron a las afueras de la sala Tlaqn\u00e1, con la finalidad de exigir a las autoridades educativas la resoluci\u00f3n y transparencia en los procesos de asignaci\u00f3n de las becas.<\/p>\n<p>Los estudiantes Andr\u00e9 Pati\u00f1o y Ale Gaona dieron a conocer que la manifestaci\u00f3n es con la finalidad de exigir a las autoridades educativas m\u00e1s becas para el Doctorado.<\/p>\n<p>Dieron a conocer que son 25 estudiantes del Doctorado de Investigaciones Cerebrales y 11 tienen becas, mientras que los 14 restantes no, as\u00ed que exigen este apoyo para todos.<\/p>\n<p>\u201cQueremos una resoluci\u00f3n de la Unidad de Posgrado, queremos el esclarecimiento, actualmente ingresamos 25 a la Generaci\u00f3n y se otorgaron 11 becas, esto repercute en la vida financiera y desarrollo de los estudiantes\u201d, se\u00f1alaron.<\/p>\n<p>Los estudiantes expusieron que al no tener beca, se ve afectada su manutenci\u00f3n, porque no trabajan y se dedican s\u00f3lo a estudiar.<\/p>\n<p>\u201cEl doctorado es de tiempo completo, es tan exigente c\u00f3mo si fuera un trabajo y la verdad es que s\u00ed es necesario tener la manutenci\u00f3n a trav\u00e9s de las becas\u201d, comentaron.<\/p>\n<p>Finalmente se\u00f1alaron que la coordinaci\u00f3n de Posgrados de la UV no ha dado respuesta de la exigencia de becas, y conforme pasan los a\u00f1os han reducido el n\u00famero de apoyos para estudiantes.<\/p>\n","protected":false},"excerpt":{"rendered":"<p>Dar\u00edo Pale Xalapa, Ver.- Estudiantes de posgrado del Instituto de Investigaciones Cerebrales de la Universidad Veracruzana (UV), se manifestaron a las afueras de la sala Tlaqn\u00e1, con la finalidad de exigir a las autoridades educativas la resoluci\u00f3n y transparencia en los procesos de asignaci\u00f3n de las becas. Los estudiantes Andr\u00e9 Pati\u00f1o y Ale Gaona dieron [&hellip;]<\/p>\n","protected":false},"author":2476,"featured_media":68171,"comment_status":"open","ping_status":"open","sticky":false,"template":"","format":"standard","meta":{"_jetpack_memberships_contains_paid_content":false,"footnotes":""},"categories":[3],"tags":[],"class_list":["post-68170","post","type-post","status-publish","format-standard","has-post-thumbnail","hentry","category-xalapa"],"jetpack_featured_media_url":"https:\/\/encuentroinformativo.com.mx\/wp-content\/uploads\/2025\/06\/IMG-20250606-WA0221.jpg","jetpack_sharing_enabled":true,"jetpack_likes_enabled":true,"amp_enabled":true,"_links":{"self":[{"href":"https:\/\/encuentroinformativo.com.mx\/index.php?rest_route=\/wp\/v2\/posts\/68170","targetHints":{"allow":["GET"]}}],"collection":[{"href":"https:\/\/encuentroinformativo.com.mx\/index.php?rest_route=\/wp\/v2\/posts"}],"about":[{"href":"https:\/\/encuentroinformativo.com.mx\/index.php?rest_route=\/wp\/v2\/types\/post"}],"author":[{"embeddable":true,"href":"https:\/\/encuentroinformativo.com.mx\/index.php?rest_route=\/wp\/v2\/users\/2476"}],"replies":[{"embeddable":true,"href":"https:\/\/encuentroinformativo.com.mx\/index.php?rest_route=%2Fwp%2Fv2%2Fcomments&post=68170"}],"version-history":[{"count":1,"href":"https:\/\/encuentroinformativo.com.mx\/index.php?rest_route=\/wp\/v2\/posts\/68170\/revisions"}],"predecessor-version":[{"id":68172,"href":"https:\/\/encuentroinformativo.com.mx\/index.php?rest_route=\/wp\/v2\/posts\/68170\/revisions\/68172"}],"wp:featuredmedia":[{"embeddable":true,"href":"https:\/\/encuentroinformativo.com.mx\/index.php?rest_route=\/wp\/v2\/media\/68171"}],"wp:attachment":[{"href":"https:\/\/encuentroinformativo.com.mx\/index.php?rest_route=%2Fwp%2Fv2%2Fmedia&parent=68170"}],"wp:term":[{"taxonomy":"category","embeddable":true,"href":"https:\/\/encuentroinformativo.com.mx\/index.php?rest_route=%2Fwp%2Fv2%2Fcategories&post=68170"},{"taxonomy":"post_tag","embeddable":true,"href":"https:\/\/encuentroinformativo.com.mx\/index.php?rest_route=%2Fwp%2Fv2%2Ftags&post=68170"}],"curies":[{"name":"wp","href":"https:\/\/api.w.org\/{rel}","templated":true}]}}