{"id":68173,"date":"2025-06-06T14:05:02","date_gmt":"2025-06-06T20:05:02","guid":{"rendered":"https:\/\/encuentroinformativo.com.mx\/?p=68173"},"modified":"2025-06-06T14:05:02","modified_gmt":"2025-06-06T20:05:02","slug":"prensa-asociada-condena-agresion-contra-dos-periodistas-en-martinez-de-la-torre","status":"publish","type":"post","link":"https:\/\/encuentroinformativo.com.mx\/?p=68173","title":{"rendered":"Prensa Asociada condena agresi\u00f3n contra dos periodistas en Mart\u00ednez de la Torre"},"content":{"rendered":"<p><strong>Jos\u00e9 Vargas<\/strong><\/p>\n<p>Mart\u00ednez de la Torre, Ver.- La organizaci\u00f3n de periodistas Prensa Asociada de Mart\u00ednez de la Torre conden\u00f3 p\u00fablicamente la agresi\u00f3n que sufrieron dos reporteros de la fuente policiaca la noche del jueves 5 de junio, mientras cubr\u00edan un accidente vial protagonizado por un presunto conductor en estado de ebriedad.<\/p>\n<p>De acuerdo con el comunicado oficial emitido por la organizaci\u00f3n, las v\u00edctimas una periodista de Grupo MS Radio y otra del portal digital Mr Mart\u00ednez fueron agredidas verbalmente y amenazadas de muerte por un sujeto identificado como Arnoldo Sangabriel Chagoya, quien minutos antes hab\u00eda chocado su veh\u00edculo en la v\u00eda p\u00fablica.<\/p>\n<p>Durante el intento de cobertura period\u00edstica, el presunto responsable, en aparente estado de ebriedad, reaccion\u00f3 con violencia contra las comunicadoras. Testigos relataron que, adem\u00e1s de los insultos, el agresor profiri\u00f3 serias amenazas de muerte, con el objetivo de intimidarlas y frenar su labor informativa.<\/p>\n<p>Prensa Asociada tambi\u00e9n denunci\u00f3 la falta de acci\u00f3n de elementos de la Polic\u00eda Preventiva Municipal de Mart\u00ednez de la Torre, quienes fueron requeridos en el lugar para intervenir ante la agresi\u00f3n. Seg\u00fan el comunicado, a pesar de que se solicit\u00f3 la detenci\u00f3n del agresor, los oficiales se negaron a actuar.<\/p>\n<p>Incluso, un uniformado fue captado intentando impedir que uno de los reporteros continuara documentando la agresi\u00f3n, lo que ha generado fuerte indignaci\u00f3n entre el gremio period\u00edstico local.<\/p>\n<p>La organizaci\u00f3n hizo un llamado directo al comandante de la Polic\u00eda Preventiva Municipal, Jos\u00e9 Torres Reyes, para que instruya a su personal a cumplir con su deber y actuar conforme a derecho en este tipo de situaciones, especialmente cuando se ven involucrados comunicadores en ejercicio de su labor.<\/p>\n<p><img loading=\"lazy\" decoding=\"async\" class=\"aligncenter size-medium wp-image-68174\" src=\"https:\/\/encuentroinformativo.com.mx\/wp-content\/uploads\/2025\/06\/IMG-20250606-WA0208-235x300.jpg\" alt=\"\" width=\"235\" height=\"300\" srcset=\"https:\/\/encuentroinformativo.com.mx\/wp-content\/uploads\/2025\/06\/IMG-20250606-WA0208-235x300.jpg 235w, https:\/\/encuentroinformativo.com.mx\/wp-content\/uploads\/2025\/06\/IMG-20250606-WA0208-803x1024.jpg 803w, https:\/\/encuentroinformativo.com.mx\/wp-content\/uploads\/2025\/06\/IMG-20250606-WA0208-768x980.jpg 768w, https:\/\/encuentroinformativo.com.mx\/wp-content\/uploads\/2025\/06\/IMG-20250606-WA0208.jpg 1080w\" sizes=\"auto, (max-width: 235px) 100vw, 235px\" \/><\/p>\n","protected":false},"excerpt":{"rendered":"<p>Jos\u00e9 Vargas Mart\u00ednez de la Torre, Ver.- La organizaci\u00f3n de periodistas Prensa Asociada de Mart\u00ednez de la Torre conden\u00f3 p\u00fablicamente la agresi\u00f3n que sufrieron dos reporteros de la fuente policiaca la noche del jueves 5 de junio, mientras cubr\u00edan un accidente vial protagonizado por un presunto conductor en estado de ebriedad. De acuerdo con el [&hellip;]<\/p>\n","protected":false},"author":2476,"featured_media":68174,"comment_status":"open","ping_status":"open","sticky":false,"template":"","format":"standard","meta":{"_jetpack_memberships_contains_paid_content":false,"footnotes":""},"categories":[2],"tags":[],"class_list":["post-68173","post","type-post","status-publish","format-standard","has-post-thumbnail","hentry","category-estado"],"jetpack_featured_media_url":"https:\/\/encuentroinformativo.com.mx\/wp-content\/uploads\/2025\/06\/IMG-20250606-WA0208.jpg","jetpack_sharing_enabled":true,"jetpack_likes_enabled":true,"amp_enabled":true,"_links":{"self":[{"href":"https:\/\/encuentroinformativo.com.mx\/index.php?rest_route=\/wp\/v2\/posts\/68173","targetHints":{"allow":["GET"]}}],"collection":[{"href":"https:\/\/encuentroinformativo.com.mx\/index.php?rest_route=\/wp\/v2\/posts"}],"about":[{"href":"https:\/\/encuentroinformativo.com.mx\/index.php?rest_route=\/wp\/v2\/types\/post"}],"author":[{"embeddable":true,"href":"https:\/\/encuentroinformativo.com.mx\/index.php?rest_route=\/wp\/v2\/users\/2476"}],"replies":[{"embeddable":true,"href":"https:\/\/encuentroinformativo.com.mx\/index.php?rest_route=%2Fwp%2Fv2%2Fcomments&post=68173"}],"version-history":[{"count":1,"href":"https:\/\/encuentroinformativo.com.mx\/index.php?rest_route=\/wp\/v2\/posts\/68173\/revisions"}],"predecessor-version":[{"id":68175,"href":"https:\/\/encuentroinformativo.com.mx\/index.php?rest_route=\/wp\/v2\/posts\/68173\/revisions\/68175"}],"wp:featuredmedia":[{"embeddable":true,"href":"https:\/\/encuentroinformativo.com.mx\/index.php?rest_route=\/wp\/v2\/media\/68174"}],"wp:attachment":[{"href":"https:\/\/encuentroinformativo.com.mx\/index.php?rest_route=%2Fwp%2Fv2%2Fmedia&parent=68173"}],"wp:term":[{"taxonomy":"category","embeddable":true,"href":"https:\/\/encuentroinformativo.com.mx\/index.php?rest_route=%2Fwp%2Fv2%2Fcategories&post=68173"},{"taxonomy":"post_tag","embeddable":true,"href":"https:\/\/encuentroinformativo.com.mx\/index.php?rest_route=%2Fwp%2Fv2%2Ftags&post=68173"}],"curies":[{"name":"wp","href":"https:\/\/api.w.org\/{rel}","templated":true}]}}