{"id":68178,"date":"2025-06-06T17:32:27","date_gmt":"2025-06-06T23:32:27","guid":{"rendered":"https:\/\/encuentroinformativo.com.mx\/?p=68178"},"modified":"2025-06-06T17:32:27","modified_gmt":"2025-06-06T23:32:27","slug":"prorroga-de-rector-es-ilegal-arias-lovillo","status":"publish","type":"post","link":"https:\/\/encuentroinformativo.com.mx\/?p=68178","title":{"rendered":"Pr\u00f3rroga de rector es ilegal: Arias Lovillo"},"content":{"rendered":"<p><strong>* Universitarios marchar\u00e1n el pr\u00f3ximo lunes contra la propuesta.<\/strong><\/p>\n<p><strong>Dar\u00edo Pale<\/strong><\/p>\n<p>Xalapa, Ver.- El lunes los universitarios realizar\u00e1n una marcha en contra de las intenciones del actual rector de la Universidad Veracruzana (UV) Mart\u00edn Aguilar S\u00e1nchez ya que tiene la intenci\u00f3n de ampliar su mandato por 4 a\u00f1os m\u00e1s.<\/p>\n<p>En entrevista el exrector de la Universidad Veracruzana, Ra\u00fal Arias Lovillo, calific\u00f3 de ilegal la pr\u00f3rroga, &#8220;sin m\u00e9ritos acad\u00e9micos&#8221;, para que Mart\u00edn Aguilar se quede, acus\u00f3 que la consulta puede pasar porque la Junta de Gobierno &#8220;esta a modo&#8221;.<\/p>\n<p>Inform\u00f3 que este pr\u00f3ximo lunes 9 de junio se realizar\u00e1 una marcha de universitarios en contra de las intenciones del rector por intentar quedarse m\u00e1s tiempo en el cargo a trav\u00e9s de una pr\u00f3rroga, medida que calific\u00f3 como una ilegalidad.<\/p>\n<p>&#8220;Esto es un hecho totalmente ilegal, un fundamento jur\u00eddico no se somete a una consulta, eso est\u00e1 completamente mal&#8221;, acus\u00f3.<\/p>\n<p>Tambi\u00e9n denunci\u00f3 que no hay m\u00e9ritos acad\u00e9micos en la gesti\u00f3n de Mart\u00edn Aguilar, &#8220;porque la universidad ha venido decayendo en los \u00faltimos cuatro a\u00f1os y hay un car\u00e1cter autoritario en este periodo que la comunidad no est\u00e1 dispuesta a seguir aguantando&#8221;.<\/p>\n<p>De ah\u00ed que se est\u00e9 convocando a una marcha de estudiantes y acad\u00e9micos para el pr\u00f3ximo lunes &#8220;en contra de la reelecci\u00f3n del rector.&#8221;<\/p>\n<p>Arias Lovillo no descart\u00f3 que la consulta pueda pasar &#8220;porque el rector tiene mayor\u00eda en el consejo universitario, pero lo \u00fanico que ahondar\u00e1 ser\u00e1 en una crisis institucional cada vez m\u00e1s fuerte, porque los aspirantes estar\u00edan impedidos de participar de sus proyectos&#8221;.<\/p>\n<p>La Junta de Gobierno de la Universidad Veracruzana (UV) emiti\u00f3 una convocatoria dirigida a la comunidad universitaria para participar en la consulta relacionada con la solicitud de pr\u00f3rroga del periodo rectoral de Mart\u00edn Aguilar S\u00e1nchez, la consulta en l\u00ednea ser\u00e1 activada del martes 10 al viernes 13 de junio.<\/p>\n","protected":false},"excerpt":{"rendered":"<p>* Universitarios marchar\u00e1n el pr\u00f3ximo lunes contra la propuesta. Dar\u00edo Pale Xalapa, Ver.- El lunes los universitarios realizar\u00e1n una marcha en contra de las intenciones del actual rector de la Universidad Veracruzana (UV) Mart\u00edn Aguilar S\u00e1nchez ya que tiene la intenci\u00f3n de ampliar su mandato por 4 a\u00f1os m\u00e1s. En entrevista el exrector de la [&hellip;]<\/p>\n","protected":false},"author":2476,"featured_media":68177,"comment_status":"open","ping_status":"open","sticky":false,"template":"","format":"standard","meta":{"_jetpack_memberships_contains_paid_content":false,"footnotes":""},"categories":[3],"tags":[],"class_list":["post-68178","post","type-post","status-publish","format-standard","has-post-thumbnail","hentry","category-xalapa"],"jetpack_featured_media_url":"https:\/\/encuentroinformativo.com.mx\/wp-content\/uploads\/2025\/06\/IMG-20250606-WA0243.jpg","jetpack_sharing_enabled":true,"jetpack_likes_enabled":true,"amp_enabled":true,"_links":{"self":[{"href":"https:\/\/encuentroinformativo.com.mx\/index.php?rest_route=\/wp\/v2\/posts\/68178","targetHints":{"allow":["GET"]}}],"collection":[{"href":"https:\/\/encuentroinformativo.com.mx\/index.php?rest_route=\/wp\/v2\/posts"}],"about":[{"href":"https:\/\/encuentroinformativo.com.mx\/index.php?rest_route=\/wp\/v2\/types\/post"}],"author":[{"embeddable":true,"href":"https:\/\/encuentroinformativo.com.mx\/index.php?rest_route=\/wp\/v2\/users\/2476"}],"replies":[{"embeddable":true,"href":"https:\/\/encuentroinformativo.com.mx\/index.php?rest_route=%2Fwp%2Fv2%2Fcomments&post=68178"}],"version-history":[{"count":1,"href":"https:\/\/encuentroinformativo.com.mx\/index.php?rest_route=\/wp\/v2\/posts\/68178\/revisions"}],"predecessor-version":[{"id":68179,"href":"https:\/\/encuentroinformativo.com.mx\/index.php?rest_route=\/wp\/v2\/posts\/68178\/revisions\/68179"}],"wp:featuredmedia":[{"embeddable":true,"href":"https:\/\/encuentroinformativo.com.mx\/index.php?rest_route=\/wp\/v2\/media\/68177"}],"wp:attachment":[{"href":"https:\/\/encuentroinformativo.com.mx\/index.php?rest_route=%2Fwp%2Fv2%2Fmedia&parent=68178"}],"wp:term":[{"taxonomy":"category","embeddable":true,"href":"https:\/\/encuentroinformativo.com.mx\/index.php?rest_route=%2Fwp%2Fv2%2Fcategories&post=68178"},{"taxonomy":"post_tag","embeddable":true,"href":"https:\/\/encuentroinformativo.com.mx\/index.php?rest_route=%2Fwp%2Fv2%2Ftags&post=68178"}],"curies":[{"name":"wp","href":"https:\/\/api.w.org\/{rel}","templated":true}]}}