{"id":68180,"date":"2025-06-06T19:22:20","date_gmt":"2025-06-07T01:22:20","guid":{"rendered":"https:\/\/encuentroinformativo.com.mx\/?p=68180"},"modified":"2025-06-06T19:22:20","modified_gmt":"2025-06-07T01:22:20","slug":"marisol-luna-denuncia-intento-de-prorroga-reafirma-su-aspiracion-a-la-rectoria","status":"publish","type":"post","link":"https:\/\/encuentroinformativo.com.mx\/?p=68180","title":{"rendered":"Marisol Luna denuncia intento de pr\u00f3rroga; reafirma su aspiraci\u00f3n a la Rector\u00eda"},"content":{"rendered":"<p><strong>Redacci\u00f3n\u00a0<\/strong><\/p>\n<p>Xalapa, Ver.- La acad\u00e9mica Marisol Luna hizo p\u00fablica su postura ante lo que calific\u00f3 como un intento \u201cfuera de toda legalidad, \u00e9tica y coherencia democr\u00e1tica\u201d para prorrogar el actual periodo rectoral en la Universidad Veracruzana (UV).<\/p>\n<p>A trav\u00e9s de un pronunciamiento difundido este viernes, Luna reafirm\u00f3 su aspiraci\u00f3n a encabezar la Rector\u00eda de la instituci\u00f3n para el periodo 2025-2029 y alert\u00f3 sobre lo que considera una \u201caberraci\u00f3n jur\u00eddica\u201d impulsada desde el interior de la administraci\u00f3n universitaria.<\/p>\n<p>\u201cDe \u00faltima hora se invent\u00f3 un procedimiento para dar vuelta al requisito de la edad. No solo se interpret\u00f3 una ley sobre la cual no se poseen atribuciones, sino tambi\u00e9n se cre\u00f3 una norma general y un proceso para una sola persona\u201d, expres\u00f3 la exabogada general de la UV, quien renunci\u00f3 a su cargo recientemente.<\/p>\n<p>Luna anunci\u00f3 su candidatura el pasado jueves 29 de mayo, con la propuesta titulada \u201cTransiciones hacia la excelencia\u201d, la cual, seg\u00fan sus palabras, busca construir una universidad de vanguardia desde las periferias hacia el centro. Sin embargo, denunci\u00f3 que, en los d\u00edas siguientes, emergi\u00f3 una intenci\u00f3n de modificar las reglas del proceso sucesorio en favor de la actual administraci\u00f3n.<\/p>\n<p>En su mensaje, se\u00f1al\u00f3 que incluso ha habido cabildeos, presiones e intimidaciones dentro del Consejo Universitario General (CUG), lo cual, dijo, ha sido denunciado p\u00fablicamente. Tambi\u00e9n lament\u00f3 que voces autorizadas como las de exrectores, exmiembros de la Junta de Gobierno y juristas universitarios hayan sido ignoradas en este contexto.<\/p>\n<p>\u201cHoy celebro a\u00fan m\u00e1s haber renunciado a la encomienda de Abogada General. Fue, sin duda, una decisi\u00f3n correcta y oportuna\u201d, expres\u00f3.<\/p>\n<p>Finalmente, convoc\u00f3 a la comunidad universitaria a mantenerse informada y movilizada. \u201cSeguiremos en contacto por este medio. Y por lo pronto, el lunes, a marchar\u201d, concluy\u00f3.<\/p>\n","protected":false},"excerpt":{"rendered":"<p>Redacci\u00f3n\u00a0 Xalapa, Ver.- La acad\u00e9mica Marisol Luna hizo p\u00fablica su postura ante lo que calific\u00f3 como un intento \u201cfuera de toda legalidad, \u00e9tica y coherencia democr\u00e1tica\u201d para prorrogar el actual periodo rectoral en la Universidad Veracruzana (UV). A trav\u00e9s de un pronunciamiento difundido este viernes, Luna reafirm\u00f3 su aspiraci\u00f3n a encabezar la Rector\u00eda de la [&hellip;]<\/p>\n","protected":false},"author":2476,"featured_media":68181,"comment_status":"open","ping_status":"open","sticky":false,"template":"","format":"standard","meta":{"_jetpack_memberships_contains_paid_content":false,"footnotes":""},"categories":[2],"tags":[],"class_list":["post-68180","post","type-post","status-publish","format-standard","has-post-thumbnail","hentry","category-estado"],"jetpack_featured_media_url":"https:\/\/encuentroinformativo.com.mx\/wp-content\/uploads\/2025\/06\/IMG-20250606-WA03772.jpg","jetpack_sharing_enabled":true,"jetpack_likes_enabled":true,"amp_enabled":true,"_links":{"self":[{"href":"https:\/\/encuentroinformativo.com.mx\/index.php?rest_route=\/wp\/v2\/posts\/68180","targetHints":{"allow":["GET"]}}],"collection":[{"href":"https:\/\/encuentroinformativo.com.mx\/index.php?rest_route=\/wp\/v2\/posts"}],"about":[{"href":"https:\/\/encuentroinformativo.com.mx\/index.php?rest_route=\/wp\/v2\/types\/post"}],"author":[{"embeddable":true,"href":"https:\/\/encuentroinformativo.com.mx\/index.php?rest_route=\/wp\/v2\/users\/2476"}],"replies":[{"embeddable":true,"href":"https:\/\/encuentroinformativo.com.mx\/index.php?rest_route=%2Fwp%2Fv2%2Fcomments&post=68180"}],"version-history":[{"count":2,"href":"https:\/\/encuentroinformativo.com.mx\/index.php?rest_route=\/wp\/v2\/posts\/68180\/revisions"}],"predecessor-version":[{"id":68183,"href":"https:\/\/encuentroinformativo.com.mx\/index.php?rest_route=\/wp\/v2\/posts\/68180\/revisions\/68183"}],"wp:featuredmedia":[{"embeddable":true,"href":"https:\/\/encuentroinformativo.com.mx\/index.php?rest_route=\/wp\/v2\/media\/68181"}],"wp:attachment":[{"href":"https:\/\/encuentroinformativo.com.mx\/index.php?rest_route=%2Fwp%2Fv2%2Fmedia&parent=68180"}],"wp:term":[{"taxonomy":"category","embeddable":true,"href":"https:\/\/encuentroinformativo.com.mx\/index.php?rest_route=%2Fwp%2Fv2%2Fcategories&post=68180"},{"taxonomy":"post_tag","embeddable":true,"href":"https:\/\/encuentroinformativo.com.mx\/index.php?rest_route=%2Fwp%2Fv2%2Ftags&post=68180"}],"curies":[{"name":"wp","href":"https:\/\/api.w.org\/{rel}","templated":true}]}}