{"id":68194,"date":"2025-06-07T16:47:20","date_gmt":"2025-06-07T22:47:20","guid":{"rendered":"https:\/\/encuentroinformativo.com.mx\/?p=68194"},"modified":"2025-06-07T16:47:20","modified_gmt":"2025-06-07T22:47:20","slug":"demanda-radio-teocelo-cese-al-acoso-judicial","status":"publish","type":"post","link":"https:\/\/encuentroinformativo.com.mx\/?p=68194","title":{"rendered":"Demanda Radio Teocelo cese al acoso judicial"},"content":{"rendered":"<p><strong>Dar\u00edo Pale<\/strong><\/p>\n<p>Xalapa, Ver.- Trabajadores de Radio Teocelo se manifestaron en la Plaza Lerdo donde se\u00f1alaron que hoy es un d\u00eda importante para conmemorar y para llamar la atenci\u00f3n a la sociedad en general, a los medios de comunicaci\u00f3n, a que tengamos el acceso y el derecho a la libertad de expresi\u00f3n, por lo que exigen el cese al acoso judicial y un alto a la censura .<\/p>\n<p>Entrevistada durante la manifestaci\u00f3n Mariana Riveros, directora de Radio Teocelo se\u00f1al\u00f3 que, hoy se conmemora el D\u00eda de la Libertad de Expresi\u00f3n en M\u00e9xico, son un medio de comunicaci\u00f3n Radio Teocelo, una radio comunitaria que tiene la funci\u00f3n de comunicar a la zona centro del Estado de Veracruz.<\/p>\n<p>\u201cEs una radio libre, una radio independiente, una radio aut\u00f3noma que actualmente estamos padeciendo un poco el acceso de nuestro derecho a la informaci\u00f3n, a ejercer la comunicaci\u00f3n con libertad, entonces nos parece que hoy es un d\u00eda importante para conmemorar y para llamar la atenci\u00f3n a la sociedad en general, a los medios de comunicaci\u00f3n, a que tengamos el acceso al derecho a la libertad de expresi\u00f3n\u201d, coment\u00f3.<\/p>\n<p>Por lo que reproch\u00f3 que no se les permita a los medios ejercer su labor de informar, sino que por el contrario, se les censure, por lo que dijo que es necesario que la poblaci\u00f3n sepa que est\u00e1n siendo impedidos para comunicar.<\/p>\n<p>\u201cEstamos teniendo dificultades para poder informar desde la radio y desde nuestras redes sociales, eso para nosotros nos parece delicado, que se est\u00e9 violentando nuestro derecho, porque el derecho de comunicar de Radio Teocelo a sus audiencias es tambi\u00e9n una manera de censurar, de evitar que la informaci\u00f3n llegue a la gente\u201d, se\u00f1al\u00f3.<\/p>\n<p>Refiri\u00f3 que la comunicaci\u00f3n de esta radio siempre ha sido cr\u00edtica y esta censura impide que no se llegue a la gente, asimismo, dijo que que se respeta la lucha feminista, pero algunas expresiones de esta quieren limitar el periodismo<\/p>\n<p>&#8220;Es delicado, no somos abogados y no podemos defendernos a ese nivel, pero esto no va a pasar, no nos vamos a callar&#8221;.<\/p>\n<p>Hay que recordar que desde hace un a\u00f1o uno de sus colaboradores fue sancionado por violencia pol\u00edtica en raz\u00f3n de g\u00e9nero.<\/p>\n<p>Finalmente dio a conocer que, \u201ctenemos dificultades actualmente para dar muchos detalles, solo decir que tenemos un acoso judicial desde que tiene ya un a\u00f1o en el que estamos enfrentando lo que se nos est\u00e1 pidiendo entonces estamos haciendo algunas acciones el d\u00eda de hoy\u201d.<\/p>\n<p><img loading=\"lazy\" decoding=\"async\" class=\"aligncenter size-medium wp-image-68196\" src=\"https:\/\/encuentroinformativo.com.mx\/wp-content\/uploads\/2025\/06\/IMG-20250607-WA01542-300x121.jpg\" alt=\"\" width=\"300\" height=\"121\" srcset=\"https:\/\/encuentroinformativo.com.mx\/wp-content\/uploads\/2025\/06\/IMG-20250607-WA01542-300x121.jpg 300w, https:\/\/encuentroinformativo.com.mx\/wp-content\/uploads\/2025\/06\/IMG-20250607-WA01542-1024x414.jpg 1024w, https:\/\/encuentroinformativo.com.mx\/wp-content\/uploads\/2025\/06\/IMG-20250607-WA01542-768x311.jpg 768w, https:\/\/encuentroinformativo.com.mx\/wp-content\/uploads\/2025\/06\/IMG-20250607-WA01542.jpg 1338w\" sizes=\"auto, (max-width: 300px) 100vw, 300px\" \/><\/p>\n","protected":false},"excerpt":{"rendered":"<p>Dar\u00edo Pale Xalapa, Ver.- Trabajadores de Radio Teocelo se manifestaron en la Plaza Lerdo donde se\u00f1alaron que hoy es un d\u00eda importante para conmemorar y para llamar la atenci\u00f3n a la sociedad en general, a los medios de comunicaci\u00f3n, a que tengamos el acceso y el derecho a la libertad de expresi\u00f3n, por lo que [&hellip;]<\/p>\n","protected":false},"author":2476,"featured_media":68195,"comment_status":"open","ping_status":"open","sticky":false,"template":"","format":"standard","meta":{"_jetpack_memberships_contains_paid_content":false,"footnotes":""},"categories":[8],"tags":[],"class_list":["post-68194","post","type-post","status-publish","format-standard","has-post-thumbnail","hentry","category-region"],"jetpack_featured_media_url":"https:\/\/encuentroinformativo.com.mx\/wp-content\/uploads\/2025\/06\/IMG-20250607-WA0155.jpg","jetpack_sharing_enabled":true,"jetpack_likes_enabled":true,"amp_enabled":true,"_links":{"self":[{"href":"https:\/\/encuentroinformativo.com.mx\/index.php?rest_route=\/wp\/v2\/posts\/68194","targetHints":{"allow":["GET"]}}],"collection":[{"href":"https:\/\/encuentroinformativo.com.mx\/index.php?rest_route=\/wp\/v2\/posts"}],"about":[{"href":"https:\/\/encuentroinformativo.com.mx\/index.php?rest_route=\/wp\/v2\/types\/post"}],"author":[{"embeddable":true,"href":"https:\/\/encuentroinformativo.com.mx\/index.php?rest_route=\/wp\/v2\/users\/2476"}],"replies":[{"embeddable":true,"href":"https:\/\/encuentroinformativo.com.mx\/index.php?rest_route=%2Fwp%2Fv2%2Fcomments&post=68194"}],"version-history":[{"count":1,"href":"https:\/\/encuentroinformativo.com.mx\/index.php?rest_route=\/wp\/v2\/posts\/68194\/revisions"}],"predecessor-version":[{"id":68197,"href":"https:\/\/encuentroinformativo.com.mx\/index.php?rest_route=\/wp\/v2\/posts\/68194\/revisions\/68197"}],"wp:featuredmedia":[{"embeddable":true,"href":"https:\/\/encuentroinformativo.com.mx\/index.php?rest_route=\/wp\/v2\/media\/68195"}],"wp:attachment":[{"href":"https:\/\/encuentroinformativo.com.mx\/index.php?rest_route=%2Fwp%2Fv2%2Fmedia&parent=68194"}],"wp:term":[{"taxonomy":"category","embeddable":true,"href":"https:\/\/encuentroinformativo.com.mx\/index.php?rest_route=%2Fwp%2Fv2%2Fcategories&post=68194"},{"taxonomy":"post_tag","embeddable":true,"href":"https:\/\/encuentroinformativo.com.mx\/index.php?rest_route=%2Fwp%2Fv2%2Ftags&post=68194"}],"curies":[{"name":"wp","href":"https:\/\/api.w.org\/{rel}","templated":true}]}}