{"id":6820,"date":"2020-10-12T13:54:11","date_gmt":"2020-10-12T18:54:11","guid":{"rendered":"https:\/\/encuentroinformativo.com.mx\/?p=6820"},"modified":"2020-10-12T13:54:14","modified_gmt":"2020-10-12T18:54:14","slug":"amagan-vecinos-con-tomar-palacio-municipal-de-medellin","status":"publish","type":"post","link":"https:\/\/encuentroinformativo.com.mx\/?p=6820","title":{"rendered":"Amagan Vecinos con tomar palacio municipal de Medell\u00edn"},"content":{"rendered":"\n<p><strong>*Demandan servicios b\u00e1sicos en Arboledas San Miguel.<\/strong><\/p>\n\n\n\n<p><strong>Alejandro \u00c1vila<\/strong><\/p>\n\n\n\n<p>Medell\u00edn de Bravo, Ver.- Diversos problemas en los servicios b\u00e1sicos han tenido los vecinos del fraccionamiento Arboledas San Miguel en Medell\u00edn de Bravo, pues desde hace a\u00f1os sufren cortes de luz, inundaci\u00f3n de calles y desborde de aguas negras, motivo por el cual tomar\u00edan el Palacio Municipal para exigir a las autoridades que intervenga a la empresa VIVEICA y esta se haga responsable.<\/p>\n\n\n\n<p>A pesar de que ellos pagar de manera puntual su luz, en ocasiones la paraestatal CFE corta el suministro de energ\u00eda el\u00e9ctrica en calles y la bomba de agua, quedando d\u00edas sin el servicio el\u00e9ctrico en los espacios p\u00fablicos y peor a\u00fan, sin el l\u00edquido para asearse.<\/p>\n\n\n\n<p>Es por ello que este domingo por la noche se reunieron todos los vecinos del fraccionamiento para tomar acciones al respecto del tema, pues adem\u00e1s de pagar su cr\u00e9dito de INFONAVIT, cubren los pagos de luz, agua y predial, pero los servicios b\u00e1sicos fallan constantemente.<\/p>\n\n\n\n<p>Hace unas semanas solicitaron una reuni\u00f3n con personal de CFE para regularizar la situaci\u00f3n de algunas calles que no han sido entregas y carecen de luz, pero la paraestatal les inform\u00f3 que la empresa VIVEICA tiene una deuda que debe ser saldado antes de poder regularizar el servicio.<\/p>\n\n\n\n<p>Finalmente, acusaron que del servicio de agua potable, nadie se hace cargo de manera formar, ni la empresa privada Grupo MAS, ni la fraccionadora VIVEICA, ni el Ayuntamiento de Medell\u00edn de Bravo, situaci\u00f3n que les afecta en demas\u00eda.<\/p>\n","protected":false},"excerpt":{"rendered":"<p>*Demandan servicios b\u00e1sicos en Arboledas San Miguel. Alejandro \u00c1vila Medell\u00edn de Bravo, Ver.- Diversos problemas en los servicios b\u00e1sicos han tenido los vecinos del fraccionamiento Arboledas San Miguel en Medell\u00edn de Bravo, pues desde hace a\u00f1os sufren cortes de luz, inundaci\u00f3n de calles y desborde de aguas negras, motivo por el cual tomar\u00edan el Palacio [&hellip;]<\/p>\n","protected":false},"author":1,"featured_media":6821,"comment_status":"open","ping_status":"open","sticky":false,"template":"","format":"standard","meta":{"_jetpack_memberships_contains_paid_content":false,"footnotes":""},"categories":[2],"tags":[],"class_list":["post-6820","post","type-post","status-publish","format-standard","has-post-thumbnail","hentry","category-estado"],"jetpack_featured_media_url":"https:\/\/encuentroinformativo.com.mx\/wp-content\/uploads\/2020\/10\/ACA86C03-4BF2-4A52-9991-AD0B35E5DC2A.jpeg","jetpack_sharing_enabled":true,"jetpack_likes_enabled":true,"amp_enabled":true,"_links":{"self":[{"href":"https:\/\/encuentroinformativo.com.mx\/index.php?rest_route=\/wp\/v2\/posts\/6820","targetHints":{"allow":["GET"]}}],"collection":[{"href":"https:\/\/encuentroinformativo.com.mx\/index.php?rest_route=\/wp\/v2\/posts"}],"about":[{"href":"https:\/\/encuentroinformativo.com.mx\/index.php?rest_route=\/wp\/v2\/types\/post"}],"author":[{"embeddable":true,"href":"https:\/\/encuentroinformativo.com.mx\/index.php?rest_route=\/wp\/v2\/users\/1"}],"replies":[{"embeddable":true,"href":"https:\/\/encuentroinformativo.com.mx\/index.php?rest_route=%2Fwp%2Fv2%2Fcomments&post=6820"}],"version-history":[{"count":1,"href":"https:\/\/encuentroinformativo.com.mx\/index.php?rest_route=\/wp\/v2\/posts\/6820\/revisions"}],"predecessor-version":[{"id":6822,"href":"https:\/\/encuentroinformativo.com.mx\/index.php?rest_route=\/wp\/v2\/posts\/6820\/revisions\/6822"}],"wp:featuredmedia":[{"embeddable":true,"href":"https:\/\/encuentroinformativo.com.mx\/index.php?rest_route=\/wp\/v2\/media\/6821"}],"wp:attachment":[{"href":"https:\/\/encuentroinformativo.com.mx\/index.php?rest_route=%2Fwp%2Fv2%2Fmedia&parent=6820"}],"wp:term":[{"taxonomy":"category","embeddable":true,"href":"https:\/\/encuentroinformativo.com.mx\/index.php?rest_route=%2Fwp%2Fv2%2Fcategories&post=6820"},{"taxonomy":"post_tag","embeddable":true,"href":"https:\/\/encuentroinformativo.com.mx\/index.php?rest_route=%2Fwp%2Fv2%2Ftags&post=6820"}],"curies":[{"name":"wp","href":"https:\/\/api.w.org\/{rel}","templated":true}]}}