{"id":68201,"date":"2025-06-07T17:12:52","date_gmt":"2025-06-07T23:12:52","guid":{"rendered":"https:\/\/encuentroinformativo.com.mx\/?p=68201"},"modified":"2025-06-07T17:12:52","modified_gmt":"2025-06-07T23:12:52","slug":"participa-del-rio-virgen-en-reconocimiento-a-periodistas","status":"publish","type":"post","link":"https:\/\/encuentroinformativo.com.mx\/?p=68201","title":{"rendered":"Participa Del R\u00edo Virgen en reconocimiento a periodistas"},"content":{"rendered":"<p><strong>Redacci\u00f3n<\/strong><\/p>\n<p>Xalapa, Ver.- Particip\u00f3 Jos\u00e9 Manuel del R\u00edo Virgen en el homenaje al periodista Jos\u00e9 Pablo Robles Mart\u00ednez, en el marco de la Conmemoraci\u00f3n del D\u00eda de la Libertad de Expresi\u00f3n 2025.<\/p>\n<p>El acto se realiz\u00f3 este d\u00eda en el Congreso del Estado de Veracruz, con el Club de Periodistas de M\u00e9xico A.C.<\/p>\n<p>Comunicadores de distintos medios de comunicaci\u00f3n recibieron un reconocimiento a su trayectoria.<\/p>\n","protected":false},"excerpt":{"rendered":"<p>Redacci\u00f3n Xalapa, Ver.- Particip\u00f3 Jos\u00e9 Manuel del R\u00edo Virgen en el homenaje al periodista Jos\u00e9 Pablo Robles Mart\u00ednez, en el marco de la Conmemoraci\u00f3n del D\u00eda de la Libertad de Expresi\u00f3n 2025. El acto se realiz\u00f3 este d\u00eda en el Congreso del Estado de Veracruz, con el Club de Periodistas de M\u00e9xico A.C. Comunicadores de [&hellip;]<\/p>\n","protected":false},"author":2476,"featured_media":68202,"comment_status":"open","ping_status":"open","sticky":false,"template":"","format":"standard","meta":{"_jetpack_memberships_contains_paid_content":false,"footnotes":""},"categories":[2],"tags":[],"class_list":["post-68201","post","type-post","status-publish","format-standard","has-post-thumbnail","hentry","category-estado"],"jetpack_featured_media_url":"https:\/\/encuentroinformativo.com.mx\/wp-content\/uploads\/2025\/06\/IMG-20250607-WA0178.jpg","jetpack_sharing_enabled":true,"jetpack_likes_enabled":true,"amp_enabled":true,"_links":{"self":[{"href":"https:\/\/encuentroinformativo.com.mx\/index.php?rest_route=\/wp\/v2\/posts\/68201","targetHints":{"allow":["GET"]}}],"collection":[{"href":"https:\/\/encuentroinformativo.com.mx\/index.php?rest_route=\/wp\/v2\/posts"}],"about":[{"href":"https:\/\/encuentroinformativo.com.mx\/index.php?rest_route=\/wp\/v2\/types\/post"}],"author":[{"embeddable":true,"href":"https:\/\/encuentroinformativo.com.mx\/index.php?rest_route=\/wp\/v2\/users\/2476"}],"replies":[{"embeddable":true,"href":"https:\/\/encuentroinformativo.com.mx\/index.php?rest_route=%2Fwp%2Fv2%2Fcomments&post=68201"}],"version-history":[{"count":1,"href":"https:\/\/encuentroinformativo.com.mx\/index.php?rest_route=\/wp\/v2\/posts\/68201\/revisions"}],"predecessor-version":[{"id":68203,"href":"https:\/\/encuentroinformativo.com.mx\/index.php?rest_route=\/wp\/v2\/posts\/68201\/revisions\/68203"}],"wp:featuredmedia":[{"embeddable":true,"href":"https:\/\/encuentroinformativo.com.mx\/index.php?rest_route=\/wp\/v2\/media\/68202"}],"wp:attachment":[{"href":"https:\/\/encuentroinformativo.com.mx\/index.php?rest_route=%2Fwp%2Fv2%2Fmedia&parent=68201"}],"wp:term":[{"taxonomy":"category","embeddable":true,"href":"https:\/\/encuentroinformativo.com.mx\/index.php?rest_route=%2Fwp%2Fv2%2Fcategories&post=68201"},{"taxonomy":"post_tag","embeddable":true,"href":"https:\/\/encuentroinformativo.com.mx\/index.php?rest_route=%2Fwp%2Fv2%2Ftags&post=68201"}],"curies":[{"name":"wp","href":"https:\/\/api.w.org\/{rel}","templated":true}]}}