{"id":68208,"date":"2025-06-08T15:54:16","date_gmt":"2025-06-08T21:54:16","guid":{"rendered":"https:\/\/encuentroinformativo.com.mx\/?p=68208"},"modified":"2025-06-08T15:54:16","modified_gmt":"2025-06-08T21:54:16","slug":"violento-operativo-en-minatitlan-termino-en-caos-y-protestas","status":"publish","type":"post","link":"https:\/\/encuentroinformativo.com.mx\/?p=68208","title":{"rendered":"Violento operativo en Minatitl\u00e1n termin\u00f3 en caos y protestas\u00a0"},"content":{"rendered":"<p>Minatitl\u00e1n, Ver.- Una jornada marcada por la violencia, la indignaci\u00f3n ciudadana y m\u00faltiples irregularidades policiales sacudi\u00f3 este s\u00e1bado la Central de Abastos de Minatitl\u00e1n, luego de que autoridades localizaran un cami\u00f3n robado y detuvieran a 18 personas siete de ellas menores de edad, lo que culmin\u00f3 en la irrupci\u00f3n de pobladores en la comandancia municipal para liberar a los arrestados.<\/p>\n<p style=\"text-align: center;\"><strong>\u201cEl hallazgo del cami\u00f3n robado\u201d<\/strong><\/p>\n<p>Todo comenz\u00f3 a las 10:00 de la ma\u00f1ana, cuando la Polic\u00eda Municipal localiz\u00f3 un tractocami\u00f3n doble remolque cargado con sacos de ma\u00edz, que hab\u00eda sido robado horas antes en la autopista La Tinaja\u2013Cosoleacaque, a la altura de la zona conocida como La Brecha. El veh\u00edculo hab\u00eda sido reportado como robado alrededor de las 4:30 a.m., y su localizaci\u00f3n fue posible gracias a que el inhibidor de se\u00f1al GPS presuntamente fall\u00f3, revelando su ubicaci\u00f3n dentro de la Central de Abastos de Minatitl\u00e1n.<\/p>\n<p>Al llegar al lugar, los elementos encontraron que el cami\u00f3n estaba siendo descargado y su carga transferida a otro veh\u00edculo. Fue entonces cuando 18 personas fueron detenidas, en su mayor\u00eda originarias de los municipios de Zaragoza y Oteapan, incluyendo siete menores de edad de entre 14 y 17 a\u00f1os.<\/p>\n<p style=\"text-align: center;\"><strong>\u201cEl conductor rescatado y el conductor pr\u00f3fugo\u201d<\/strong><\/p>\n<p>Dentro de la cabina del tractocami\u00f3n robado fue encontrado \u00d3scar David P\u00e9rez Ramos, de 42 a\u00f1os y originario de la Ciudad de M\u00e9xico. Estaba golpeado, amordazado y amarrado, y fue trasladado de inmediato por Protecci\u00f3n Civil Municipal al Hospital General de Minatitl\u00e1n \u201cDr. Pedro Coronel P\u00e9rez\u201d.<\/p>\n<p>Por otra parte, el conductor del segundo tractocami\u00f3n, al que se estaba traspasando la mercanc\u00eda robada, fue detenido en el lugar. En contraste, el conductor que presuntamente hab\u00eda sido contratado para manejar el cami\u00f3n robado y que conoc\u00eda del delito logr\u00f3 escapar durante el caos que se gener\u00f3 m\u00e1s tarde en la comandancia municipal, quedando actualmente pr\u00f3fugo.<\/p>\n<p style=\"text-align: center;\"><strong>\u201cExigencia de justicia y respeto a derechos\u201d<\/strong><\/p>\n<p>Tras las detenciones, familiares de los arrestados comenzaron a congregarse a las afueras de la comandancia de la Polic\u00eda Municipal para exigir informaci\u00f3n. Los \u00e1nimos se encendieron r\u00e1pidamente luego de que se les negara atenci\u00f3n y se reportara que los menores de edad hab\u00edan sido esposados, exhibidos p\u00fablicamente y pretend\u00edan ser interrogados sin la presencia de sus padres ni abogados, lo que representa una violaci\u00f3n grave de sus derechos humanos.<\/p>\n<p>Abogados presentes se\u00f1alaron que la polic\u00eda intent\u00f3 tomar declaraciones a los menores sin cumplir con los protocolos legales establecidos, lo que provoc\u00f3 a\u00fan m\u00e1s indignaci\u00f3n entre los presentes.<\/p>\n<p>Poco antes del mediod\u00eda, los pobladores comenzaron a bloquear ambos carriles del Boulevard Instituto Tecnol\u00f3gico, exigiendo la liberaci\u00f3n de los j\u00f3venes, argumentando que muchos de ellos solo fueron contratados como cargadores por paga, sin conocimiento del origen il\u00edcito del veh\u00edculo o su carga.<\/p>\n<p style=\"text-align: center;\"><strong>El papel de la Central de Abastos y los se\u00f1alamientos<\/strong><\/p>\n<p>Durante el desarrollo de los hechos, se se\u00f1al\u00f3 directamente a Jes\u00fas Manuel Cort\u00e9s Carmona, presidente de la Central de Abastos, por inicialmente negar el apoyo a los trabajadores detenidos. Horas m\u00e1s tarde, y ante la presi\u00f3n ciudadana, acudi\u00f3 a la comandancia acompa\u00f1ado de abogados para brindar apoyo legal.<\/p>\n<p>No obstante, familiares y pobladores acusaron a la administraci\u00f3n de la Central de Abastos de posible encubrimiento, ya que argumentan que para poder ingresar un cami\u00f3n a dichas instalaciones, se deben registrar placas, entregar documentaci\u00f3n y pagar una cuota. No est\u00e1 claro si ese protocolo se aplic\u00f3 al tractocami\u00f3n robado, lo cual ha generado sospechas sobre la complicidad o negligencia de las autoridades del recinto.<\/p>\n<p style=\"text-align: center;\"><strong>\u201cEstalla el conflicto: irrupci\u00f3n en la comandancia y liberaci\u00f3n masiva\u201d<\/strong><\/p>\n<p>Pasadas las 7:30 de la noche, con los \u00e1nimos caldeados y sin que las autoridades hubieran presentado el Informe Policial Homologado (IPH) ni puesto formalmente a disposici\u00f3n del Ministerio P\u00fablico a los detenidos, un grupo de pobladores enardecidos irrumpi\u00f3 en la comandancia municipal.<\/p>\n<p>Durante el caos, 16 personas fueron liberadas por la multitud, quienes argumentaron que las detenciones hab\u00edan sido ilegales y sin debido proceso. En ese momento de confusi\u00f3n, el conductor del cami\u00f3n robado que hab\u00eda escapado aprovech\u00f3 para huir del lugar.<\/p>\n<p>Las fuerzas antimotines y elementos de la Polic\u00eda Municipal no intervinieron ante la presi\u00f3n social, y fue necesaria la presencia de elementos de la Polic\u00eda Estatal, Guardia Nacional y Secretar\u00eda de la Defensa Nacional (SEDENA), quienes actuaron como mediadores y garantizaron la seguridad de la poblaci\u00f3n.<\/p>\n<p style=\"text-align: center;\"><strong>\u201cUna investigaci\u00f3n con vac\u00edos e irregularidades\u201d<\/strong><\/p>\n<p>De las 18 personas inicialmente detenidas, solo una el conductor del segundo cami\u00f3n qued\u00f3 a disposici\u00f3n de las autoridades, mientras que el resto fue liberado por la ciudadan\u00eda. El paradero del conductor principal implicado en el robo es desconocido, y no se ha revelado qui\u00e9n contrat\u00f3 a los cargadores, ni a qui\u00e9n pertenec\u00eda la mercanc\u00eda ni el tractocami\u00f3n utilizado.<\/p>\n<p>Informaci\u00f3n extraoficial indica que el ma\u00edz robado pretend\u00eda ser comercializado en los municipios de Zaragoza, Cosoleacaque y J\u00e1ltipan. En tanto, el chofer detenido padre soltero de cuatro hijos, seg\u00fan familiares afirm\u00f3 haber sido contactado desde temprano ese mismo d\u00eda para realizar un supuesto trabajo de carga, sin conocer el trasfondo del delito.<\/p>\n<p><img loading=\"lazy\" decoding=\"async\" class=\"aligncenter size-medium wp-image-68210\" src=\"https:\/\/encuentroinformativo.com.mx\/wp-content\/uploads\/2025\/06\/IMG-20250608-WA0031-300x225.jpg\" alt=\"\" width=\"300\" height=\"225\" srcset=\"https:\/\/encuentroinformativo.com.mx\/wp-content\/uploads\/2025\/06\/IMG-20250608-WA0031-300x225.jpg 300w, https:\/\/encuentroinformativo.com.mx\/wp-content\/uploads\/2025\/06\/IMG-20250608-WA0031-1024x768.jpg 1024w, https:\/\/encuentroinformativo.com.mx\/wp-content\/uploads\/2025\/06\/IMG-20250608-WA0031-768x576.jpg 768w, https:\/\/encuentroinformativo.com.mx\/wp-content\/uploads\/2025\/06\/IMG-20250608-WA0031-1536x1152.jpg 1536w, https:\/\/encuentroinformativo.com.mx\/wp-content\/uploads\/2025\/06\/IMG-20250608-WA0031-2048x1536.jpg 2048w\" sizes=\"auto, (max-width: 300px) 100vw, 300px\" \/><\/p>\n","protected":false},"excerpt":{"rendered":"<p>Minatitl\u00e1n, Ver.- Una jornada marcada por la violencia, la indignaci\u00f3n ciudadana y m\u00faltiples irregularidades policiales sacudi\u00f3 este s\u00e1bado la Central de Abastos de Minatitl\u00e1n, luego de que autoridades localizaran un cami\u00f3n robado y detuvieran a 18 personas siete de ellas menores de edad, lo que culmin\u00f3 en la irrupci\u00f3n de pobladores en la comandancia municipal [&hellip;]<\/p>\n","protected":false},"author":2476,"featured_media":68209,"comment_status":"open","ping_status":"open","sticky":false,"template":"","format":"standard","meta":{"_jetpack_memberships_contains_paid_content":false,"footnotes":""},"categories":[14],"tags":[],"class_list":["post-68208","post","type-post","status-publish","format-standard","has-post-thumbnail","hentry","category-policiaca"],"jetpack_featured_media_url":"https:\/\/encuentroinformativo.com.mx\/wp-content\/uploads\/2025\/06\/IMG-20250608-WA0028-scaled.jpg","jetpack_sharing_enabled":true,"jetpack_likes_enabled":true,"amp_enabled":true,"_links":{"self":[{"href":"https:\/\/encuentroinformativo.com.mx\/index.php?rest_route=\/wp\/v2\/posts\/68208","targetHints":{"allow":["GET"]}}],"collection":[{"href":"https:\/\/encuentroinformativo.com.mx\/index.php?rest_route=\/wp\/v2\/posts"}],"about":[{"href":"https:\/\/encuentroinformativo.com.mx\/index.php?rest_route=\/wp\/v2\/types\/post"}],"author":[{"embeddable":true,"href":"https:\/\/encuentroinformativo.com.mx\/index.php?rest_route=\/wp\/v2\/users\/2476"}],"replies":[{"embeddable":true,"href":"https:\/\/encuentroinformativo.com.mx\/index.php?rest_route=%2Fwp%2Fv2%2Fcomments&post=68208"}],"version-history":[{"count":1,"href":"https:\/\/encuentroinformativo.com.mx\/index.php?rest_route=\/wp\/v2\/posts\/68208\/revisions"}],"predecessor-version":[{"id":68211,"href":"https:\/\/encuentroinformativo.com.mx\/index.php?rest_route=\/wp\/v2\/posts\/68208\/revisions\/68211"}],"wp:featuredmedia":[{"embeddable":true,"href":"https:\/\/encuentroinformativo.com.mx\/index.php?rest_route=\/wp\/v2\/media\/68209"}],"wp:attachment":[{"href":"https:\/\/encuentroinformativo.com.mx\/index.php?rest_route=%2Fwp%2Fv2%2Fmedia&parent=68208"}],"wp:term":[{"taxonomy":"category","embeddable":true,"href":"https:\/\/encuentroinformativo.com.mx\/index.php?rest_route=%2Fwp%2Fv2%2Fcategories&post=68208"},{"taxonomy":"post_tag","embeddable":true,"href":"https:\/\/encuentroinformativo.com.mx\/index.php?rest_route=%2Fwp%2Fv2%2Ftags&post=68208"}],"curies":[{"name":"wp","href":"https:\/\/api.w.org\/{rel}","templated":true}]}}