{"id":6823,"date":"2020-10-12T16:12:57","date_gmt":"2020-10-12T21:12:57","guid":{"rendered":"https:\/\/encuentroinformativo.com.mx\/?p=6823"},"modified":"2020-10-12T16:13:01","modified_gmt":"2020-10-12T21:13:01","slug":"a-finales-de-octubre-reabrira-parque-de-coatepec","status":"publish","type":"post","link":"https:\/\/encuentroinformativo.com.mx\/?p=6823","title":{"rendered":"A finales de octubre, reabrir\u00e1 parque de Coatepec"},"content":{"rendered":"\n<p><strong>Juan Arcos <\/strong><\/p>\n\n\n\n<p>Coatepec, Ver.- El alcalde de Coatepec, Luis Enrique Fern\u00e1ndez Peredo, indic\u00f3 que podr\u00eda llevarse a cabo la reapertura total del parque Miguel Hidalgo y Costilla, a finales de octubre.<\/p>\n\n\n\n<p>El edil detall\u00f3 que deber\u00e1n esperar 15 d\u00edas para saber si la entidad logra mantenerse en sem\u00e1foro epidemiol\u00f3gico color amarillo, de riesgo medio de contagio por SARS-COV-2 (COVID-19).<\/p>\n\n\n\n<p>\u201cDe momento esperar 15 d\u00edas, a partir de hoy que estamos arrancando en sem\u00e1foro amarillo y ver la tendencia en cuanto a lo incrementos o decrementos en los contagios\u201d.<\/p>\n\n\n\n<p>Mencion\u00f3 que el Cabildo analizar\u00e1 el tema y, posteriormente, dar\u00e1 a conocer, de manera p\u00fablica, la decisi\u00f3n que haya tomado al respecto.<\/p>\n\n\n\n<p>\u201cYa una vez que veamos que se mantienen las condiciones para una reapertura total, es que el Cabildo se estar\u00eda pronunciando para poderlo realizar\u201d, a\u00f1adi\u00f3.<\/p>\n\n\n\n<p>El entrevistado refiri\u00f3 que hasta el momento se han aplicado las medidas sanitarias para evitar aglomeraciones y la propagaci\u00f3n de la enfermedad en dicho espacio p\u00fablico.<\/p>\n\n\n\n<p>Cabe recordar que en la actualidad el parque funciona solo al 50 por ciento de su capacidad y los comerciantes s\u00f3lo venden alimentos para llevar.<\/p>\n\n\n\n<p>Hasta la noche del domingo, la Secretar\u00eda de Salud de Veracruz report\u00f3 245 casos positivos de COVID-19, dos activos, 46 defunciones y 85 sospechosos.<\/p>\n\n\n\n<p>\u201cLos incrementos no han sido tantos, a pesar de que es altamente contagioso este virus, ah\u00ed vamos todos los d\u00edas dando los informes, hemos visto que s\u00ed han aumentado los casos sospechosos, la gente empez\u00f3 a tener mayor precauci\u00f3n y esperemos que Coatepec se siga manteniendo as\u00ed\u201d, remat\u00f3 Fern\u00e1ndez Peredo.<\/p>\n","protected":false},"excerpt":{"rendered":"<p>Juan Arcos Coatepec, Ver.- El alcalde de Coatepec, Luis Enrique Fern\u00e1ndez Peredo, indic\u00f3 que podr\u00eda llevarse a cabo la reapertura total del parque Miguel Hidalgo y Costilla, a finales de octubre. El edil detall\u00f3 que deber\u00e1n esperar 15 d\u00edas para saber si la entidad logra mantenerse en sem\u00e1foro epidemiol\u00f3gico color amarillo, de riesgo medio de [&hellip;]<\/p>\n","protected":false},"author":1,"featured_media":6824,"comment_status":"open","ping_status":"open","sticky":false,"template":"","format":"standard","meta":{"_jetpack_memberships_contains_paid_content":false,"footnotes":""},"categories":[8],"tags":[],"class_list":["post-6823","post","type-post","status-publish","format-standard","has-post-thumbnail","hentry","category-region"],"jetpack_featured_media_url":"https:\/\/encuentroinformativo.com.mx\/wp-content\/uploads\/2020\/10\/9E5058A7-4754-48E0-B0AE-6A6916B3206C.jpeg","jetpack_sharing_enabled":true,"jetpack_likes_enabled":true,"amp_enabled":true,"_links":{"self":[{"href":"https:\/\/encuentroinformativo.com.mx\/index.php?rest_route=\/wp\/v2\/posts\/6823","targetHints":{"allow":["GET"]}}],"collection":[{"href":"https:\/\/encuentroinformativo.com.mx\/index.php?rest_route=\/wp\/v2\/posts"}],"about":[{"href":"https:\/\/encuentroinformativo.com.mx\/index.php?rest_route=\/wp\/v2\/types\/post"}],"author":[{"embeddable":true,"href":"https:\/\/encuentroinformativo.com.mx\/index.php?rest_route=\/wp\/v2\/users\/1"}],"replies":[{"embeddable":true,"href":"https:\/\/encuentroinformativo.com.mx\/index.php?rest_route=%2Fwp%2Fv2%2Fcomments&post=6823"}],"version-history":[{"count":1,"href":"https:\/\/encuentroinformativo.com.mx\/index.php?rest_route=\/wp\/v2\/posts\/6823\/revisions"}],"predecessor-version":[{"id":6825,"href":"https:\/\/encuentroinformativo.com.mx\/index.php?rest_route=\/wp\/v2\/posts\/6823\/revisions\/6825"}],"wp:featuredmedia":[{"embeddable":true,"href":"https:\/\/encuentroinformativo.com.mx\/index.php?rest_route=\/wp\/v2\/media\/6824"}],"wp:attachment":[{"href":"https:\/\/encuentroinformativo.com.mx\/index.php?rest_route=%2Fwp%2Fv2%2Fmedia&parent=6823"}],"wp:term":[{"taxonomy":"category","embeddable":true,"href":"https:\/\/encuentroinformativo.com.mx\/index.php?rest_route=%2Fwp%2Fv2%2Fcategories&post=6823"},{"taxonomy":"post_tag","embeddable":true,"href":"https:\/\/encuentroinformativo.com.mx\/index.php?rest_route=%2Fwp%2Fv2%2Ftags&post=6823"}],"curies":[{"name":"wp","href":"https:\/\/api.w.org\/{rel}","templated":true}]}}