{"id":68234,"date":"2025-06-09T11:59:16","date_gmt":"2025-06-09T17:59:16","guid":{"rendered":"https:\/\/encuentroinformativo.com.mx\/?p=68234"},"modified":"2025-06-09T11:59:16","modified_gmt":"2025-06-09T17:59:16","slug":"por-falta-de-energia-electrica-toman-escuela-en-la-antigua","status":"publish","type":"post","link":"https:\/\/encuentroinformativo.com.mx\/?p=68234","title":{"rendered":"Por falta de energ\u00eda el\u00e9ctrica, toman escuela en La Antigua\u00a0"},"content":{"rendered":"<p><strong>Alejandro \u00c1vila<\/strong><\/p>\n<p>La Antigua, Ver.- Padres de familia de alumnos de la escuela primaria &#8220;Donato Casas&#8221; tomaron las instalaciones educativas debido a la falta de energ\u00eda el\u00e9ctrica y los problemas que esto les conlleva.<\/p>\n<p>Los quejosos se\u00f1alan que desde hace dos meses carecen de energ\u00eda el\u00e9ctrica en el plantel educativo que se ubica en la localidad de La Pureza perteneciente al municipio de La Antigua.<\/p>\n<p>Desde hace dos meses la instituci\u00f3n primaria no cuenta con energ\u00eda el\u00e9ctrica debido a qu\u00e9 Comisi\u00f3n Federal de Electricidad (CFE) no autorizado dar de alta al contrato y, por lo consiguiente, hacer la instalaci\u00f3n el\u00e9ctrica correspondiente.<\/p>\n<p>Si bien reportaron los padres de familia y personal administrativo que las clases se realizaban de forma normal, los golpes de calor y las afectaciones que esto ha dejado en los peque\u00f1os de entre 6 y 12 a\u00f1os, llevaron a la decisi\u00f3n de tomar las instalaciones educativas en forma de presi\u00f3n; por lo cual piden el apoyo de la Secretar\u00eda de Educaci\u00f3n de Veracruz (SEV) y la gobernadora, Roc\u00edo Nahle Garc\u00eda.<\/p>\n","protected":false},"excerpt":{"rendered":"<p>Alejandro \u00c1vila La Antigua, Ver.- Padres de familia de alumnos de la escuela primaria &#8220;Donato Casas&#8221; tomaron las instalaciones educativas debido a la falta de energ\u00eda el\u00e9ctrica y los problemas que esto les conlleva. Los quejosos se\u00f1alan que desde hace dos meses carecen de energ\u00eda el\u00e9ctrica en el plantel educativo que se ubica en la [&hellip;]<\/p>\n","protected":false},"author":2476,"featured_media":68235,"comment_status":"open","ping_status":"open","sticky":false,"template":"","format":"standard","meta":{"_jetpack_memberships_contains_paid_content":false,"footnotes":""},"categories":[8],"tags":[],"class_list":["post-68234","post","type-post","status-publish","format-standard","has-post-thumbnail","hentry","category-region"],"jetpack_featured_media_url":"https:\/\/encuentroinformativo.com.mx\/wp-content\/uploads\/2025\/06\/IMG-20250609-WA01132-scaled.jpg","jetpack_sharing_enabled":true,"jetpack_likes_enabled":true,"amp_enabled":true,"_links":{"self":[{"href":"https:\/\/encuentroinformativo.com.mx\/index.php?rest_route=\/wp\/v2\/posts\/68234","targetHints":{"allow":["GET"]}}],"collection":[{"href":"https:\/\/encuentroinformativo.com.mx\/index.php?rest_route=\/wp\/v2\/posts"}],"about":[{"href":"https:\/\/encuentroinformativo.com.mx\/index.php?rest_route=\/wp\/v2\/types\/post"}],"author":[{"embeddable":true,"href":"https:\/\/encuentroinformativo.com.mx\/index.php?rest_route=\/wp\/v2\/users\/2476"}],"replies":[{"embeddable":true,"href":"https:\/\/encuentroinformativo.com.mx\/index.php?rest_route=%2Fwp%2Fv2%2Fcomments&post=68234"}],"version-history":[{"count":1,"href":"https:\/\/encuentroinformativo.com.mx\/index.php?rest_route=\/wp\/v2\/posts\/68234\/revisions"}],"predecessor-version":[{"id":68236,"href":"https:\/\/encuentroinformativo.com.mx\/index.php?rest_route=\/wp\/v2\/posts\/68234\/revisions\/68236"}],"wp:featuredmedia":[{"embeddable":true,"href":"https:\/\/encuentroinformativo.com.mx\/index.php?rest_route=\/wp\/v2\/media\/68235"}],"wp:attachment":[{"href":"https:\/\/encuentroinformativo.com.mx\/index.php?rest_route=%2Fwp%2Fv2%2Fmedia&parent=68234"}],"wp:term":[{"taxonomy":"category","embeddable":true,"href":"https:\/\/encuentroinformativo.com.mx\/index.php?rest_route=%2Fwp%2Fv2%2Fcategories&post=68234"},{"taxonomy":"post_tag","embeddable":true,"href":"https:\/\/encuentroinformativo.com.mx\/index.php?rest_route=%2Fwp%2Fv2%2Ftags&post=68234"}],"curies":[{"name":"wp","href":"https:\/\/api.w.org\/{rel}","templated":true}]}}