{"id":68237,"date":"2025-06-09T12:53:51","date_gmt":"2025-06-09T18:53:51","guid":{"rendered":"https:\/\/encuentroinformativo.com.mx\/?p=68237"},"modified":"2025-06-09T12:53:51","modified_gmt":"2025-06-09T18:53:51","slug":"la-ley-no-se-pone-a-consulta-academicos","status":"publish","type":"post","link":"https:\/\/encuentroinformativo.com.mx\/?p=68237","title":{"rendered":"La ley no se pone a consulta: Acad\u00e9micos"},"content":{"rendered":"<p><strong>Dar\u00edo Pale<\/strong><\/p>\n<p>Xalapa, Ver.- Estudiantes, docentes y egresados de la Universidad Veracruzana (UV), marcharon y se manifestaron en la rector\u00eda y posteriormente se trasladaron a la plaza Lerdo, para manifestar su inconformidad ante la pr\u00f3rroga que le otorgaron al actual rector Martin Aguilar S\u00e1nchez.<\/p>\n<p>Durante la manifestaci\u00f3n el acad\u00e9mico Jos\u00e9 Luis Cuevas Gayosso, ley\u00f3 un posicionamiento donde acusan que, \u201cla ley no se pone a consulta, la ley no se pone a decir si s\u00ed o no, esto vulnera el procedimiento, vulnera los derechos de la comunidad en general, de los aspirantes, pero sobre todo, insisto, de nuestra comunidad\u201d.<\/p>\n<p>\u201cVean la imposici\u00f3n que hay aqu\u00ed, una pr\u00f3rroga a la cual, rector, \u00bfc\u00f3mo vamos nosotros a responder esto?, este es un quehacer directo de la Junta de Gobierno, \u00bfA trav\u00e9s de qu\u00e9? Del proceso, por tanto, dos exhortaciones similares a las que se han hecho, la primera, que se retire este proceso, la ley no debe consultarse, no a la consulta, no a la consulta, y por \u00faltimo, con esto concluyo. Se debe emitir la convocatoria. Esto es una regla general, est\u00e1 en la ley, se\u00f1al\u00f3.<\/p>\n<p>Dijo que todos son universitarios, todos tienen el deber de defender a su instituci\u00f3n, para eso son aut\u00f3nomos, \u201c\u00a1Que viva la Universidad Veracruzana! \u00a1Que viva nuestra autonom\u00eda! \u00a1Que viva nuestra autonom\u00eda!\u201d.<\/p>\n<p>Exigieron la emisi\u00f3n de la convocatoria, &#8220;se debe emitir la convocatoria. Esto es una regla general, est\u00e1 en la ley. No una excepci\u00f3n y menos emitir una convocatoria que derive de una consulta que no tiene sentido.Todos somos universitarios, todos tenemos el deber, todos, de defender a nuestra instituci\u00f3n\u201d.<\/p>\n<p>Al actual rector le solicitaron que ya deje de generar la divisi\u00f3n entre la comunidad universitaria y se retire, al menos con cierta \u00e9tica y con cierta verg\u00fcenza, se retire y deje de estar convocando el que deber\u00eda de velar por la ley, deje de estar violando la ley y la norma.<\/p>\n<p>Porque incluso este es un mensaje de ilegalidad con su actitud que se est\u00e1 enviando a todo el estado de Veracruz, cuando lo que queremos es de que exista paz, armon\u00eda y progreso y cada vez la Universidad Veracruzana retome aquel brillo y aquel referente acad\u00e9mico que ten\u00eda en otros a\u00f1os y est\u00e9 a la altura de los cambios tecnol\u00f3gicos que se viven hoy a nivel mundial.<\/p>\n<p>Lo que quieren es reconstruir, reedificar la universidad porque estamos en el \u00faltimo lugar de las 32 universidades a nivel nacional y estamos en el lugar 1,472 de las 1,500 universidades m\u00e1s importantes del mundo, a ese nivel nos ha llevado esta administraci\u00f3n.<\/p>\n<p>Finalmente coment\u00f3 que \u201cpor ello, un exhorto al rector para que d\u00e9 un paso al lado y deje que privilegie la diversidad, que privilegie la democracia y el apego a derecho.<\/p>\n<p><img loading=\"lazy\" decoding=\"async\" class=\"aligncenter size-medium wp-image-68239\" src=\"https:\/\/encuentroinformativo.com.mx\/wp-content\/uploads\/2025\/06\/IMG-20250609-WA0127-300x169.jpg\" alt=\"\" width=\"300\" height=\"169\" srcset=\"https:\/\/encuentroinformativo.com.mx\/wp-content\/uploads\/2025\/06\/IMG-20250609-WA0127-300x169.jpg 300w, https:\/\/encuentroinformativo.com.mx\/wp-content\/uploads\/2025\/06\/IMG-20250609-WA0127-1024x576.jpg 1024w, https:\/\/encuentroinformativo.com.mx\/wp-content\/uploads\/2025\/06\/IMG-20250609-WA0127-768x432.jpg 768w, https:\/\/encuentroinformativo.com.mx\/wp-content\/uploads\/2025\/06\/IMG-20250609-WA0127.jpg 1280w\" sizes=\"auto, (max-width: 300px) 100vw, 300px\" \/><\/p>\n","protected":false},"excerpt":{"rendered":"<p>Dar\u00edo Pale Xalapa, Ver.- Estudiantes, docentes y egresados de la Universidad Veracruzana (UV), marcharon y se manifestaron en la rector\u00eda y posteriormente se trasladaron a la plaza Lerdo, para manifestar su inconformidad ante la pr\u00f3rroga que le otorgaron al actual rector Martin Aguilar S\u00e1nchez. Durante la manifestaci\u00f3n el acad\u00e9mico Jos\u00e9 Luis Cuevas Gayosso, ley\u00f3 un [&hellip;]<\/p>\n","protected":false},"author":2476,"featured_media":68238,"comment_status":"open","ping_status":"open","sticky":false,"template":"","format":"standard","meta":{"_jetpack_memberships_contains_paid_content":false,"footnotes":""},"categories":[3],"tags":[],"class_list":["post-68237","post","type-post","status-publish","format-standard","has-post-thumbnail","hentry","category-xalapa"],"jetpack_featured_media_url":"https:\/\/encuentroinformativo.com.mx\/wp-content\/uploads\/2025\/06\/IMG-20250609-WA0128.jpg","jetpack_sharing_enabled":true,"jetpack_likes_enabled":true,"amp_enabled":true,"_links":{"self":[{"href":"https:\/\/encuentroinformativo.com.mx\/index.php?rest_route=\/wp\/v2\/posts\/68237","targetHints":{"allow":["GET"]}}],"collection":[{"href":"https:\/\/encuentroinformativo.com.mx\/index.php?rest_route=\/wp\/v2\/posts"}],"about":[{"href":"https:\/\/encuentroinformativo.com.mx\/index.php?rest_route=\/wp\/v2\/types\/post"}],"author":[{"embeddable":true,"href":"https:\/\/encuentroinformativo.com.mx\/index.php?rest_route=\/wp\/v2\/users\/2476"}],"replies":[{"embeddable":true,"href":"https:\/\/encuentroinformativo.com.mx\/index.php?rest_route=%2Fwp%2Fv2%2Fcomments&post=68237"}],"version-history":[{"count":1,"href":"https:\/\/encuentroinformativo.com.mx\/index.php?rest_route=\/wp\/v2\/posts\/68237\/revisions"}],"predecessor-version":[{"id":68240,"href":"https:\/\/encuentroinformativo.com.mx\/index.php?rest_route=\/wp\/v2\/posts\/68237\/revisions\/68240"}],"wp:featuredmedia":[{"embeddable":true,"href":"https:\/\/encuentroinformativo.com.mx\/index.php?rest_route=\/wp\/v2\/media\/68238"}],"wp:attachment":[{"href":"https:\/\/encuentroinformativo.com.mx\/index.php?rest_route=%2Fwp%2Fv2%2Fmedia&parent=68237"}],"wp:term":[{"taxonomy":"category","embeddable":true,"href":"https:\/\/encuentroinformativo.com.mx\/index.php?rest_route=%2Fwp%2Fv2%2Fcategories&post=68237"},{"taxonomy":"post_tag","embeddable":true,"href":"https:\/\/encuentroinformativo.com.mx\/index.php?rest_route=%2Fwp%2Fv2%2Ftags&post=68237"}],"curies":[{"name":"wp","href":"https:\/\/api.w.org\/{rel}","templated":true}]}}