{"id":6826,"date":"2020-10-12T16:35:48","date_gmt":"2020-10-12T21:35:48","guid":{"rendered":"https:\/\/encuentroinformativo.com.mx\/?p=6826"},"modified":"2020-10-12T16:37:12","modified_gmt":"2020-10-12T21:37:12","slug":"mas-de-100-empresarios-siguen-esperando-sus-pagos-sos","status":"publish","type":"post","link":"https:\/\/encuentroinformativo.com.mx\/?p=6826","title":{"rendered":"M\u00e1s de 100 empresarios siguen esperando sus pagos: SOS"},"content":{"rendered":"\n<p><strong>Juan Arcos <\/strong><\/p>\n\n\n\n<p>Xalapa, Ver.- El gobierno de Veracruz incumpli\u00f3 el procedimiento para liquidar adeudos con proveedores y contratistas que otorgaron sus servicios en el periodo 2010-2016, durante el sexenio de Javier Duarte de Ochoa.<\/p>\n\n\n\n<p>La Comisi\u00f3n Estatal de Derechos Humanos (CEDH) plasm\u00f3 dicha situaci\u00f3n en la recomendaci\u00f3n 155\/2020, emitida el pasado 14 de septiembre.<\/p>\n\n\n\n<p>De acuerdo con el presidente de la asociaci\u00f3n Empresas SOS, Jes\u00fas Casta\u00f1eda Nev\u00e1rez, m\u00e1s de 100 empresarios veracruzanos est\u00e1n a la espera de su pago correspondiente.<\/p>\n\n\n\n<p>El gobierno adeuda m\u00e1s de 450 millones de pesos a los integrantes de dicha organizaci\u00f3n, quienes han encabezado protestas para exigir su pago.<\/p>\n\n\n\n<p>A\u00f1adi\u00f3 que el gobierno estatal tiene 15 d\u00edas h\u00e1biles para aceptar la recomendaci\u00f3n e iniciar las acciones y as\u00ed reparar el da\u00f1o.<\/p>\n\n\n\n<p>\u201cHoy estar\u00edamos concluyendo los diez d\u00edas de los 15, probablemente el pr\u00f3ximo lunes estar\u00eda ya transcurriendo el plazo. Tendr\u00eda que involucrarse al congreso y estaremos presentes\u201d.<\/p>\n\n\n\n<p>De lo contrario, la CEDH podr\u00eda citar a comparecer al titular de la Secretar\u00eda de Finanzas y Planeaci\u00f3n, Jos\u00e9 Luis Lima Franco, ante el Congreso del Estado y explique por qu\u00e9 no han sido solventados los adeudos.<\/p>\n\n\n\n<p>Casta\u00f1eda Nev\u00e1rez indic\u00f3 que se trata de una recomendaci\u00f3n hist\u00f3rica en el estado de Veracruz, por lo que el gobierno estatal tiene la oportunidad de resolver el problema.<\/p>\n\n\n\n<p>\u201cAl mismo gobierno de Cuitl\u00e1huac Garc\u00eda la recomendaci\u00f3n le est\u00e1 dando elementos para que tambi\u00e9n haga la investigaci\u00f3n de quienes fueron los funcionarios que cometieron este error y se les sancione\u201d.<\/p>\n\n\n\n<p>A su juicio, este gobierno tiene una oportunidad de reparar un da\u00f1o que no ocasion\u00f3 y de aplicar la justicia por la violaci\u00f3n a los derechos de los proveedores y contratistas, en administraciones pasadas.<\/p>\n","protected":false},"excerpt":{"rendered":"<p>Juan Arcos Xalapa, Ver.- El gobierno de Veracruz incumpli\u00f3 el procedimiento para liquidar adeudos con proveedores y contratistas que otorgaron sus servicios en el periodo 2010-2016, durante el sexenio de Javier Duarte de Ochoa. La Comisi\u00f3n Estatal de Derechos Humanos (CEDH) plasm\u00f3 dicha situaci\u00f3n en la recomendaci\u00f3n 155\/2020, emitida el pasado 14 de septiembre. De [&hellip;]<\/p>\n","protected":false},"author":1,"featured_media":6829,"comment_status":"open","ping_status":"open","sticky":false,"template":"","format":"standard","meta":{"_jetpack_memberships_contains_paid_content":false,"footnotes":""},"categories":[2],"tags":[],"class_list":["post-6826","post","type-post","status-publish","format-standard","has-post-thumbnail","hentry","category-estado"],"jetpack_featured_media_url":"https:\/\/encuentroinformativo.com.mx\/wp-content\/uploads\/2020\/10\/AC1B5020-2F17-477B-8D59-DE141038B32F.jpeg","jetpack_sharing_enabled":true,"jetpack_likes_enabled":true,"amp_enabled":true,"_links":{"self":[{"href":"https:\/\/encuentroinformativo.com.mx\/index.php?rest_route=\/wp\/v2\/posts\/6826","targetHints":{"allow":["GET"]}}],"collection":[{"href":"https:\/\/encuentroinformativo.com.mx\/index.php?rest_route=\/wp\/v2\/posts"}],"about":[{"href":"https:\/\/encuentroinformativo.com.mx\/index.php?rest_route=\/wp\/v2\/types\/post"}],"author":[{"embeddable":true,"href":"https:\/\/encuentroinformativo.com.mx\/index.php?rest_route=\/wp\/v2\/users\/1"}],"replies":[{"embeddable":true,"href":"https:\/\/encuentroinformativo.com.mx\/index.php?rest_route=%2Fwp%2Fv2%2Fcomments&post=6826"}],"version-history":[{"count":1,"href":"https:\/\/encuentroinformativo.com.mx\/index.php?rest_route=\/wp\/v2\/posts\/6826\/revisions"}],"predecessor-version":[{"id":6828,"href":"https:\/\/encuentroinformativo.com.mx\/index.php?rest_route=\/wp\/v2\/posts\/6826\/revisions\/6828"}],"wp:featuredmedia":[{"embeddable":true,"href":"https:\/\/encuentroinformativo.com.mx\/index.php?rest_route=\/wp\/v2\/media\/6829"}],"wp:attachment":[{"href":"https:\/\/encuentroinformativo.com.mx\/index.php?rest_route=%2Fwp%2Fv2%2Fmedia&parent=6826"}],"wp:term":[{"taxonomy":"category","embeddable":true,"href":"https:\/\/encuentroinformativo.com.mx\/index.php?rest_route=%2Fwp%2Fv2%2Fcategories&post=6826"},{"taxonomy":"post_tag","embeddable":true,"href":"https:\/\/encuentroinformativo.com.mx\/index.php?rest_route=%2Fwp%2Fv2%2Ftags&post=6826"}],"curies":[{"name":"wp","href":"https:\/\/api.w.org\/{rel}","templated":true}]}}