{"id":68272,"date":"2025-06-10T09:19:07","date_gmt":"2025-06-10T15:19:07","guid":{"rendered":"https:\/\/encuentroinformativo.com.mx\/?p=68272"},"modified":"2025-06-10T09:19:07","modified_gmt":"2025-06-10T15:19:07","slug":"lograria-pablo-caballero-regiduria-en-boca-del-rio","status":"publish","type":"post","link":"https:\/\/encuentroinformativo.com.mx\/?p=68272","title":{"rendered":"Lograr\u00eda Pablo Caballero regidur\u00eda en Boca del R\u00edo"},"content":{"rendered":"<p><strong>Alejandro \u00c1vila<\/strong><\/p>\n<p>Boca del R\u00edo, Ver &#8211; Debido al alto n\u00famero de votos que Morena obtuvo en el municipio de Boca del R\u00edo, la presencia de los regidores guindas podr\u00eda ser un problema para la alcald\u00eda de Maryjose Gamboa; aunque la realidad es que, el voto decisivo correr\u00e1 por parte de la Fuerza Naranja.<\/p>\n<p>El Movimiento de Regeneraci\u00f3n Nacional logr\u00f3 colocar cinco regidores, mismo n\u00famero que tendr\u00e1 el Partido Acci\u00f3n Nacional en el Cabildo de Boca del R\u00edo; mientras que Movimiento Ciudadano obtuvo dos plazas de ediles.<\/p>\n<p>En ese sentido, el Cabildo de Boca del R\u00edo quedar\u00eda de la siguiente manera:<\/p>\n<p>Regidor 1 &#8211; Melina Rivera<br \/>\nRegidor 2 &#8211; V\u00edctor Hugo Delf\u00edn<br \/>\nRegidor 3 &#8211; Nadia Andrea Cruz<br \/>\nRegidor 4 &#8211; Ana Gabriela Pantoja<br \/>\nRegidor 5 &#8211; Shiara Desyanir Tienda<br \/>\nRegidor 6 &#8211; H\u00e9ctor Z\u00fa\u00f1iga<br \/>\nRegidor 7 &#8211; Nancy Alejandra Ortiz<br \/>\nRegidor 8 &#8211; Byron Boris Barranco<br \/>\nRegidor 9 &#8211; Ivonne Mabel D\u00edaz<br \/>\nRegidor 10 &#8211; Marysol Reynier<br \/>\nRegidor 11 &#8211; Andrea Garc\u00eda<br \/>\nRegidor 12 &#8211; Pablo Caballero<\/p>\n<p>Qui\u00e9n podr\u00eda tomar la batuta en el pr\u00f3ximo Cabildo ser\u00eda el empresario, Pablo Caballero P\u00e9rez, quien adem\u00e1s estar\u00eda pr\u00f3ximo a tomar el Comit\u00e9 Municipal de Movimiento Ciudadano en Boca del R\u00edo, por lo cual se vislumbra como la voz de la Fuerza Naranja en la comuna boque\u00f1a.<\/p>\n","protected":false},"excerpt":{"rendered":"<p>Alejandro \u00c1vila Boca del R\u00edo, Ver &#8211; Debido al alto n\u00famero de votos que Morena obtuvo en el municipio de Boca del R\u00edo, la presencia de los regidores guindas podr\u00eda ser un problema para la alcald\u00eda de Maryjose Gamboa; aunque la realidad es que, el voto decisivo correr\u00e1 por parte de la Fuerza Naranja. El [&hellip;]<\/p>\n","protected":false},"author":2476,"featured_media":68273,"comment_status":"open","ping_status":"open","sticky":false,"template":"","format":"standard","meta":{"_jetpack_memberships_contains_paid_content":false,"footnotes":""},"categories":[2],"tags":[],"class_list":["post-68272","post","type-post","status-publish","format-standard","has-post-thumbnail","hentry","category-estado"],"jetpack_featured_media_url":"https:\/\/encuentroinformativo.com.mx\/wp-content\/uploads\/2025\/06\/IMG-20250610-WA00392.jpg","jetpack_sharing_enabled":true,"jetpack_likes_enabled":true,"amp_enabled":true,"_links":{"self":[{"href":"https:\/\/encuentroinformativo.com.mx\/index.php?rest_route=\/wp\/v2\/posts\/68272","targetHints":{"allow":["GET"]}}],"collection":[{"href":"https:\/\/encuentroinformativo.com.mx\/index.php?rest_route=\/wp\/v2\/posts"}],"about":[{"href":"https:\/\/encuentroinformativo.com.mx\/index.php?rest_route=\/wp\/v2\/types\/post"}],"author":[{"embeddable":true,"href":"https:\/\/encuentroinformativo.com.mx\/index.php?rest_route=\/wp\/v2\/users\/2476"}],"replies":[{"embeddable":true,"href":"https:\/\/encuentroinformativo.com.mx\/index.php?rest_route=%2Fwp%2Fv2%2Fcomments&post=68272"}],"version-history":[{"count":1,"href":"https:\/\/encuentroinformativo.com.mx\/index.php?rest_route=\/wp\/v2\/posts\/68272\/revisions"}],"predecessor-version":[{"id":68274,"href":"https:\/\/encuentroinformativo.com.mx\/index.php?rest_route=\/wp\/v2\/posts\/68272\/revisions\/68274"}],"wp:featuredmedia":[{"embeddable":true,"href":"https:\/\/encuentroinformativo.com.mx\/index.php?rest_route=\/wp\/v2\/media\/68273"}],"wp:attachment":[{"href":"https:\/\/encuentroinformativo.com.mx\/index.php?rest_route=%2Fwp%2Fv2%2Fmedia&parent=68272"}],"wp:term":[{"taxonomy":"category","embeddable":true,"href":"https:\/\/encuentroinformativo.com.mx\/index.php?rest_route=%2Fwp%2Fv2%2Fcategories&post=68272"},{"taxonomy":"post_tag","embeddable":true,"href":"https:\/\/encuentroinformativo.com.mx\/index.php?rest_route=%2Fwp%2Fv2%2Ftags&post=68272"}],"curies":[{"name":"wp","href":"https:\/\/api.w.org\/{rel}","templated":true}]}}