{"id":68275,"date":"2025-06-10T09:42:25","date_gmt":"2025-06-10T15:42:25","guid":{"rendered":"https:\/\/encuentroinformativo.com.mx\/?p=68275"},"modified":"2025-06-10T09:42:25","modified_gmt":"2025-06-10T15:42:25","slug":"morena-tendra-siete-regidores-en-proximo-cabildo-de-veracruz","status":"publish","type":"post","link":"https:\/\/encuentroinformativo.com.mx\/?p=68275","title":{"rendered":"Morena tendr\u00e1 siete regidores en pr\u00f3ximo Cabildo de Veracruz"},"content":{"rendered":"<p><strong>Alejandro \u00c1vila<\/strong><\/p>\n<p>Veracruz, Ver.- Un total de 7 de 13 regidores tendr\u00e1 el Movimiento de Regeneraci\u00f3n Nacional (MORENA) en el pr\u00f3ximo Cabildo de Veracruz, tras la contundente victoria de la alcaldesa electa, Rosa Mar\u00eda Hern\u00e1ndez Espejo.<\/p>\n<p>Las primeras seis regidur\u00edas le corresponden a Morena, as\u00ed como la n\u00famero 13, por su resto mayor al obtener 79 mil 755 votos.<\/p>\n<p>Al Partido Acci\u00f3n Nacional (PAN) le corresponden cuatro, de la 7 a la 9 y, la n\u00famero 12.<\/p>\n<p>El Partido Revolucionario Institucional (PRI) tendr\u00e1 nuevamente una regidur\u00eda y, Movimiento Ciudadano se cuela con una regidur\u00eda.<\/p>\n<p>Es decir que, el pr\u00f3ximo Cabildo del Ayuntamiento Veracruz quedar\u00e1 de la siguiente manera:<\/p>\n<p>1.- Morena &#8211; Diana P\u00e9rez<br \/>\n2.- Morena &#8211; Aldahir Gonz\u00e1lez<br \/>\n3.- Morena &#8211; Adriana Mu\u00f1oz<br \/>\n4.- Morena &#8211; Quirino Ramirez<br \/>\n5.- Morena &#8211; Norma Mendoza<br \/>\n6.- Morena &#8211; Esau Hern\u00e1ndez<br \/>\n7.- PAN &#8211; Miguel Hermida<br \/>\n8.- PAN &#8211; Roc\u00edo Campa<br \/>\n9.- PAN &#8211; Danilo Alvizar<br \/>\n10.- MC &#8211; Patricia Huesca<br \/>\n11.- PRI &#8211; Gustavo Gudi\u00f1o<br \/>\n12.- PAN &#8211; Ileana Ramirez<br \/>\n13.- Morena &#8211; Marisela Ponce<\/p>\n","protected":false},"excerpt":{"rendered":"<p>Alejandro \u00c1vila Veracruz, Ver.- Un total de 7 de 13 regidores tendr\u00e1 el Movimiento de Regeneraci\u00f3n Nacional (MORENA) en el pr\u00f3ximo Cabildo de Veracruz, tras la contundente victoria de la alcaldesa electa, Rosa Mar\u00eda Hern\u00e1ndez Espejo. Las primeras seis regidur\u00edas le corresponden a Morena, as\u00ed como la n\u00famero 13, por su resto mayor al obtener [&hellip;]<\/p>\n","protected":false},"author":2476,"featured_media":68276,"comment_status":"open","ping_status":"open","sticky":false,"template":"","format":"standard","meta":{"_jetpack_memberships_contains_paid_content":false,"footnotes":""},"categories":[2],"tags":[],"class_list":["post-68275","post","type-post","status-publish","format-standard","has-post-thumbnail","hentry","category-estado"],"jetpack_featured_media_url":"https:\/\/encuentroinformativo.com.mx\/wp-content\/uploads\/2025\/06\/IMG-20250610-WA0048.jpg","jetpack_sharing_enabled":true,"jetpack_likes_enabled":true,"amp_enabled":true,"_links":{"self":[{"href":"https:\/\/encuentroinformativo.com.mx\/index.php?rest_route=\/wp\/v2\/posts\/68275","targetHints":{"allow":["GET"]}}],"collection":[{"href":"https:\/\/encuentroinformativo.com.mx\/index.php?rest_route=\/wp\/v2\/posts"}],"about":[{"href":"https:\/\/encuentroinformativo.com.mx\/index.php?rest_route=\/wp\/v2\/types\/post"}],"author":[{"embeddable":true,"href":"https:\/\/encuentroinformativo.com.mx\/index.php?rest_route=\/wp\/v2\/users\/2476"}],"replies":[{"embeddable":true,"href":"https:\/\/encuentroinformativo.com.mx\/index.php?rest_route=%2Fwp%2Fv2%2Fcomments&post=68275"}],"version-history":[{"count":1,"href":"https:\/\/encuentroinformativo.com.mx\/index.php?rest_route=\/wp\/v2\/posts\/68275\/revisions"}],"predecessor-version":[{"id":68277,"href":"https:\/\/encuentroinformativo.com.mx\/index.php?rest_route=\/wp\/v2\/posts\/68275\/revisions\/68277"}],"wp:featuredmedia":[{"embeddable":true,"href":"https:\/\/encuentroinformativo.com.mx\/index.php?rest_route=\/wp\/v2\/media\/68276"}],"wp:attachment":[{"href":"https:\/\/encuentroinformativo.com.mx\/index.php?rest_route=%2Fwp%2Fv2%2Fmedia&parent=68275"}],"wp:term":[{"taxonomy":"category","embeddable":true,"href":"https:\/\/encuentroinformativo.com.mx\/index.php?rest_route=%2Fwp%2Fv2%2Fcategories&post=68275"},{"taxonomy":"post_tag","embeddable":true,"href":"https:\/\/encuentroinformativo.com.mx\/index.php?rest_route=%2Fwp%2Fv2%2Ftags&post=68275"}],"curies":[{"name":"wp","href":"https:\/\/api.w.org\/{rel}","templated":true}]}}