{"id":68278,"date":"2025-06-10T09:48:14","date_gmt":"2025-06-10T15:48:14","guid":{"rendered":"https:\/\/encuentroinformativo.com.mx\/?p=68278"},"modified":"2025-06-10T09:48:14","modified_gmt":"2025-06-10T15:48:14","slug":"alcalde-jm-unanue-reinaugura-la-unidad-deportiva-adalberto-tejeda","status":"publish","type":"post","link":"https:\/\/encuentroinformativo.com.mx\/?p=68278","title":{"rendered":"Alcalde JM Un\u00e1nue reinaugura la Unidad Deportiva Adalberto Tejeda"},"content":{"rendered":"<p><strong>* Como parte del compromiso de seguir recuperando y mejorando los espacios p\u00fablicos en beneficio de las familias boque\u00f1as.<\/strong><\/p>\n<p>Boca del Rio, Ver.- El Gobierno Municipal de Boca del R\u00edo que encabeza el alcalde Juan Manuel Un\u00e1nue Abascal, reinaugur\u00f3 la Unidad Deportiva Adalberto Tejeda, tras una importante rehabilitaci\u00f3n como parte del compromiso de seguir recuperando y mejorando los espacios p\u00fablicos en beneficio de las familias boque\u00f1as.<\/p>\n<p>\u201cPr\u00e1cticamente estamos iniciando con las reinauguraciones de muchos proyectos que ya est\u00e1n listos en diferentes zonas del municipio. Sabemos que esta unidad es muy utilizada por los j\u00f3venes a lo largo del d\u00eda, por lo que decidimos invertir aqu\u00ed de manera significativa\u201d, expres\u00f3 el presidente municipal durante el evento.<\/p>\n<p>La rehabilitaci\u00f3n de la Unidad Deportiva Adalberto Tejeda ubicada en la colonia del mismo nombre, incluy\u00f3 la instalaci\u00f3n de nuevo pasto sint\u00e9tico en la cancha, malla perimetral nueva con postes reforzados, red atrapa balones nueva, pintura general en toda la unidad, rehabilitaci\u00f3n de juegos infantiles, nuevas porter\u00edas, bancas y alumbrado p\u00fablico.<\/p>\n<p>El alcalde tambi\u00e9n reiter\u00f3 el llamado a todas y todos los ciudadanos para cuidar estos espacios, recordando que los recursos invertidos provienen del Ayuntamiento y est\u00e1n destinados a mejorar la calidad de vida en el municipio.<\/p>\n<p>Asimismo, se anunci\u00f3 que pr\u00f3ximamente ser\u00e1n reinauguradas otras dos unidades deportivas como la Guti\u00e9rrez de Velasco y \u201cEl Morrito\u201d, actualmente en proceso de rehabilitaci\u00f3n, reafirmando el compromiso del gobierno municipal con la promoci\u00f3n del deporte, el sano esparcimiento y la reconstrucci\u00f3n del tejido social.<\/p>\n<p>Finalmente, el Presidente Municipal, Juan Manuel Un\u00e1nue Abascal, reiter\u00f3 que su gobierno sigue trabajando por una ciudad para todos.<\/p>\n<p><img loading=\"lazy\" decoding=\"async\" class=\"aligncenter size-medium wp-image-68280\" src=\"https:\/\/encuentroinformativo.com.mx\/wp-content\/uploads\/2025\/06\/IMG-20250610-WA0057-300x200.jpg\" alt=\"\" width=\"300\" height=\"200\" srcset=\"https:\/\/encuentroinformativo.com.mx\/wp-content\/uploads\/2025\/06\/IMG-20250610-WA0057-300x200.jpg 300w, https:\/\/encuentroinformativo.com.mx\/wp-content\/uploads\/2025\/06\/IMG-20250610-WA0057-1024x684.jpg 1024w, https:\/\/encuentroinformativo.com.mx\/wp-content\/uploads\/2025\/06\/IMG-20250610-WA0057-768x513.jpg 768w, https:\/\/encuentroinformativo.com.mx\/wp-content\/uploads\/2025\/06\/IMG-20250610-WA0057-1536x1026.jpg 1536w, https:\/\/encuentroinformativo.com.mx\/wp-content\/uploads\/2025\/06\/IMG-20250610-WA0057.jpg 1600w\" sizes=\"auto, (max-width: 300px) 100vw, 300px\" \/><\/p>\n","protected":false},"excerpt":{"rendered":"<p>* Como parte del compromiso de seguir recuperando y mejorando los espacios p\u00fablicos en beneficio de las familias boque\u00f1as. Boca del Rio, Ver.- El Gobierno Municipal de Boca del R\u00edo que encabeza el alcalde Juan Manuel Un\u00e1nue Abascal, reinaugur\u00f3 la Unidad Deportiva Adalberto Tejeda, tras una importante rehabilitaci\u00f3n como parte del compromiso de seguir recuperando [&hellip;]<\/p>\n","protected":false},"author":2476,"featured_media":68279,"comment_status":"open","ping_status":"open","sticky":false,"template":"","format":"standard","meta":{"_jetpack_memberships_contains_paid_content":false,"footnotes":""},"categories":[2],"tags":[],"class_list":["post-68278","post","type-post","status-publish","format-standard","has-post-thumbnail","hentry","category-estado"],"jetpack_featured_media_url":"https:\/\/encuentroinformativo.com.mx\/wp-content\/uploads\/2025\/06\/IMG-20250610-WA0054.jpg","jetpack_sharing_enabled":true,"jetpack_likes_enabled":true,"amp_enabled":true,"_links":{"self":[{"href":"https:\/\/encuentroinformativo.com.mx\/index.php?rest_route=\/wp\/v2\/posts\/68278","targetHints":{"allow":["GET"]}}],"collection":[{"href":"https:\/\/encuentroinformativo.com.mx\/index.php?rest_route=\/wp\/v2\/posts"}],"about":[{"href":"https:\/\/encuentroinformativo.com.mx\/index.php?rest_route=\/wp\/v2\/types\/post"}],"author":[{"embeddable":true,"href":"https:\/\/encuentroinformativo.com.mx\/index.php?rest_route=\/wp\/v2\/users\/2476"}],"replies":[{"embeddable":true,"href":"https:\/\/encuentroinformativo.com.mx\/index.php?rest_route=%2Fwp%2Fv2%2Fcomments&post=68278"}],"version-history":[{"count":1,"href":"https:\/\/encuentroinformativo.com.mx\/index.php?rest_route=\/wp\/v2\/posts\/68278\/revisions"}],"predecessor-version":[{"id":68281,"href":"https:\/\/encuentroinformativo.com.mx\/index.php?rest_route=\/wp\/v2\/posts\/68278\/revisions\/68281"}],"wp:featuredmedia":[{"embeddable":true,"href":"https:\/\/encuentroinformativo.com.mx\/index.php?rest_route=\/wp\/v2\/media\/68279"}],"wp:attachment":[{"href":"https:\/\/encuentroinformativo.com.mx\/index.php?rest_route=%2Fwp%2Fv2%2Fmedia&parent=68278"}],"wp:term":[{"taxonomy":"category","embeddable":true,"href":"https:\/\/encuentroinformativo.com.mx\/index.php?rest_route=%2Fwp%2Fv2%2Fcategories&post=68278"},{"taxonomy":"post_tag","embeddable":true,"href":"https:\/\/encuentroinformativo.com.mx\/index.php?rest_route=%2Fwp%2Fv2%2Ftags&post=68278"}],"curies":[{"name":"wp","href":"https:\/\/api.w.org\/{rel}","templated":true}]}}