{"id":68282,"date":"2025-06-10T10:56:15","date_gmt":"2025-06-10T16:56:15","guid":{"rendered":"https:\/\/encuentroinformativo.com.mx\/?p=68282"},"modified":"2025-06-10T10:56:15","modified_gmt":"2025-06-10T16:56:15","slug":"impactante-participacion-de-rey-de-la-diversidad-en-el-papaqui","status":"publish","type":"post","link":"https:\/\/encuentroinformativo.com.mx\/?p=68282","title":{"rendered":"Impactante participaci\u00f3n de Rey de la Diversidad en el papaqui\u00a0"},"content":{"rendered":"<p><strong>Alejandro \u00c1vila<\/strong><\/p>\n<p>Veracruz, Ver.- Destacada y brillante fue la participaci\u00f3n en el Papaqui de Carnaval de Veracruz 2025 de C\u00e9sar de Alegr\u00eda, rey electo de la asociaci\u00f3n civil Por Un Veracruz Sin Discriminaci\u00f3n (PUVSD), efectuado la tarde\/noche de este domingo.<\/p>\n<p>Al ritmo de la batucada, acompa\u00f1ado de zanqueros y su Comit\u00e9 de Trabajo, C\u00e9sar de Alegr\u00eda a bordo de un auto convertible, Miguel Zalezgon, particip\u00f3 en este Papaqui donde imper\u00f3 el colorido, la m\u00fasica y un gran ambiente familiar.<\/p>\n<p>El llamado \u201cBi-Rey\u201d de la asociaci\u00f3n civil Por Un Veracruz Sin Discriminaci\u00f3n (PUVSD), que preside Flyppy Morales, estuvo acompa\u00f1ado de la Reina Trans electa, Kelly Caracas as\u00ed como de la electa reina de los Estilistas, Doris Beltr\u00e1n.<\/p>\n<p>\u201cMe siento muy agradecido con la alcaldesa de Veracruz, Paty Lobeira; con el presidente del Comit\u00e9 del Carnaval, Luis Vald\u00e9s por la invitaci\u00f3n que nos hicieron para participar en este gran papaqui (\u2026) Estar\u00e9 participando por segundo a\u00f1o consecutivo como Rey en el carro aleg\u00f3rico de Por Un Veracruz Sin Discriminaci\u00f3n (PUVSD) gracias a la invitaci\u00f3n de su presidenta, Flyppy Morales\u201d, coment\u00f3 C\u00e9sar de Alegr\u00eda, quien luci\u00f3 un espectacular outfit de Imperio F\u00e9rez Alta Costura.<\/p>\n<p>Para finalizar exhorta a vivir y disfrutar del Carnaval de Veracruz 2025 \u201cEl m\u00e1s alegre del mundo\u201d de 26 de junio al 2 de julio.<\/p>\n","protected":false},"excerpt":{"rendered":"<p>Alejandro \u00c1vila Veracruz, Ver.- Destacada y brillante fue la participaci\u00f3n en el Papaqui de Carnaval de Veracruz 2025 de C\u00e9sar de Alegr\u00eda, rey electo de la asociaci\u00f3n civil Por Un Veracruz Sin Discriminaci\u00f3n (PUVSD), efectuado la tarde\/noche de este domingo. Al ritmo de la batucada, acompa\u00f1ado de zanqueros y su Comit\u00e9 de Trabajo, C\u00e9sar de [&hellip;]<\/p>\n","protected":false},"author":2476,"featured_media":68283,"comment_status":"open","ping_status":"open","sticky":false,"template":"","format":"standard","meta":{"_jetpack_memberships_contains_paid_content":false,"footnotes":""},"categories":[2],"tags":[],"class_list":["post-68282","post","type-post","status-publish","format-standard","has-post-thumbnail","hentry","category-estado"],"jetpack_featured_media_url":"https:\/\/encuentroinformativo.com.mx\/wp-content\/uploads\/2025\/06\/IMG-20250610-WA0080.jpg","jetpack_sharing_enabled":true,"jetpack_likes_enabled":true,"amp_enabled":true,"_links":{"self":[{"href":"https:\/\/encuentroinformativo.com.mx\/index.php?rest_route=\/wp\/v2\/posts\/68282","targetHints":{"allow":["GET"]}}],"collection":[{"href":"https:\/\/encuentroinformativo.com.mx\/index.php?rest_route=\/wp\/v2\/posts"}],"about":[{"href":"https:\/\/encuentroinformativo.com.mx\/index.php?rest_route=\/wp\/v2\/types\/post"}],"author":[{"embeddable":true,"href":"https:\/\/encuentroinformativo.com.mx\/index.php?rest_route=\/wp\/v2\/users\/2476"}],"replies":[{"embeddable":true,"href":"https:\/\/encuentroinformativo.com.mx\/index.php?rest_route=%2Fwp%2Fv2%2Fcomments&post=68282"}],"version-history":[{"count":1,"href":"https:\/\/encuentroinformativo.com.mx\/index.php?rest_route=\/wp\/v2\/posts\/68282\/revisions"}],"predecessor-version":[{"id":68284,"href":"https:\/\/encuentroinformativo.com.mx\/index.php?rest_route=\/wp\/v2\/posts\/68282\/revisions\/68284"}],"wp:featuredmedia":[{"embeddable":true,"href":"https:\/\/encuentroinformativo.com.mx\/index.php?rest_route=\/wp\/v2\/media\/68283"}],"wp:attachment":[{"href":"https:\/\/encuentroinformativo.com.mx\/index.php?rest_route=%2Fwp%2Fv2%2Fmedia&parent=68282"}],"wp:term":[{"taxonomy":"category","embeddable":true,"href":"https:\/\/encuentroinformativo.com.mx\/index.php?rest_route=%2Fwp%2Fv2%2Fcategories&post=68282"},{"taxonomy":"post_tag","embeddable":true,"href":"https:\/\/encuentroinformativo.com.mx\/index.php?rest_route=%2Fwp%2Fv2%2Ftags&post=68282"}],"curies":[{"name":"wp","href":"https:\/\/api.w.org\/{rel}","templated":true}]}}