{"id":68291,"date":"2025-06-10T12:17:23","date_gmt":"2025-06-10T18:17:23","guid":{"rendered":"https:\/\/encuentroinformativo.com.mx\/?p=68291"},"modified":"2025-06-10T12:17:23","modified_gmt":"2025-06-10T18:17:23","slug":"celebraran-con-el-pulpo-triunfo-de-samuel-acosta-en-medellin-de-bravo","status":"publish","type":"post","link":"https:\/\/encuentroinformativo.com.mx\/?p=68291","title":{"rendered":"Celebrar\u00e1n con \u201cEl Pulpo\u201d triunfo de Samuel Acosta en Medell\u00edn de Bravo"},"content":{"rendered":"<p><strong>Alejandro \u00c1vila<\/strong><\/p>\n<p>Medell\u00edn de Bravo, Ver.- El ambiente festivo se apoderar\u00e1 del municipio de Medell\u00edn de Bravo este viernes 13 de junio, cuando el alcalde electo Samuel Acosta celebre su triunfo en las urnas acompa\u00f1ado de pueblo, m\u00fasica y alegr\u00eda.<\/p>\n<p>La cita es a partir de las 6 de la tarde en el parque Nicol\u00e1s Bravo, donde los asistentes podr\u00e1n disfrutar de un espectacular concierto de Alfredo \u201cEl Pulpo\u201d y sus Teclados, totalmente gratis.<\/p>\n<p>Despu\u00e9s de una intensa campa\u00f1a y un proceso electoral donde la ciudadan\u00eda le otorg\u00f3 la mayor\u00eda de votos, Samuel Acosta compartir\u00e1 este momento especial con las y los medellinenses que confiaron en su proyecto de transformaci\u00f3n. El evento ser\u00e1 de acceso libre, y est\u00e1 pensado como un gesto de agradecimiento a toda la poblaci\u00f3n que lo respald\u00f3 con su voto y que hoy es parte del cambio que se avecina para el municipio.<\/p>\n<p>\u201cQueremos que este sea un festejo del pueblo, con m\u00fasica, con baile y con la alegr\u00eda que nos caracteriza a los medellinenses. Esta victoria es de todas y todos, y vamos a celebrarla como se debe: en comunidad\u201d, expres\u00f3 Samuel Acosta al invitar a las familias, j\u00f3venes y adultos mayores a sumarse al evento.<\/p>\n<p>El plato fuerte de la noche ser\u00e1 la presentaci\u00f3n de Alfredo \u201cEl Pulpo\u201d y sus Teclados, uno de los exponentes m\u00e1s populares de la m\u00fasica tropical en M\u00e9xico, cuya energ\u00eda y carisma prometen encender el ambiente en una noche inolvidable.<\/p>\n<p>Adem\u00e1s de m\u00fasica, se espera una tarde de convivencia pac\u00edfica, ambiente familiar, antojitos, y mucho ritmo. Las autoridades informaron que habr\u00e1 medidas de seguridad y presencia de Protecci\u00f3n Civil para garantizar el orden y la tranquilidad de todos los asistentes.<\/p>\n","protected":false},"excerpt":{"rendered":"<p>Alejandro \u00c1vila Medell\u00edn de Bravo, Ver.- El ambiente festivo se apoderar\u00e1 del municipio de Medell\u00edn de Bravo este viernes 13 de junio, cuando el alcalde electo Samuel Acosta celebre su triunfo en las urnas acompa\u00f1ado de pueblo, m\u00fasica y alegr\u00eda. La cita es a partir de las 6 de la tarde en el parque Nicol\u00e1s [&hellip;]<\/p>\n","protected":false},"author":2476,"featured_media":68293,"comment_status":"open","ping_status":"open","sticky":false,"template":"","format":"standard","meta":{"_jetpack_memberships_contains_paid_content":false,"footnotes":""},"categories":[2],"tags":[],"class_list":["post-68291","post","type-post","status-publish","format-standard","has-post-thumbnail","hentry","category-estado"],"jetpack_featured_media_url":"https:\/\/encuentroinformativo.com.mx\/wp-content\/uploads\/2025\/06\/IMG-20250610-WA01392.jpg","jetpack_sharing_enabled":true,"jetpack_likes_enabled":true,"amp_enabled":true,"_links":{"self":[{"href":"https:\/\/encuentroinformativo.com.mx\/index.php?rest_route=\/wp\/v2\/posts\/68291","targetHints":{"allow":["GET"]}}],"collection":[{"href":"https:\/\/encuentroinformativo.com.mx\/index.php?rest_route=\/wp\/v2\/posts"}],"about":[{"href":"https:\/\/encuentroinformativo.com.mx\/index.php?rest_route=\/wp\/v2\/types\/post"}],"author":[{"embeddable":true,"href":"https:\/\/encuentroinformativo.com.mx\/index.php?rest_route=\/wp\/v2\/users\/2476"}],"replies":[{"embeddable":true,"href":"https:\/\/encuentroinformativo.com.mx\/index.php?rest_route=%2Fwp%2Fv2%2Fcomments&post=68291"}],"version-history":[{"count":1,"href":"https:\/\/encuentroinformativo.com.mx\/index.php?rest_route=\/wp\/v2\/posts\/68291\/revisions"}],"predecessor-version":[{"id":68292,"href":"https:\/\/encuentroinformativo.com.mx\/index.php?rest_route=\/wp\/v2\/posts\/68291\/revisions\/68292"}],"wp:featuredmedia":[{"embeddable":true,"href":"https:\/\/encuentroinformativo.com.mx\/index.php?rest_route=\/wp\/v2\/media\/68293"}],"wp:attachment":[{"href":"https:\/\/encuentroinformativo.com.mx\/index.php?rest_route=%2Fwp%2Fv2%2Fmedia&parent=68291"}],"wp:term":[{"taxonomy":"category","embeddable":true,"href":"https:\/\/encuentroinformativo.com.mx\/index.php?rest_route=%2Fwp%2Fv2%2Fcategories&post=68291"},{"taxonomy":"post_tag","embeddable":true,"href":"https:\/\/encuentroinformativo.com.mx\/index.php?rest_route=%2Fwp%2Fv2%2Ftags&post=68291"}],"curies":[{"name":"wp","href":"https:\/\/api.w.org\/{rel}","templated":true}]}}