{"id":68297,"date":"2025-06-10T12:45:31","date_gmt":"2025-06-10T18:45:31","guid":{"rendered":"https:\/\/encuentroinformativo.com.mx\/?p=68297"},"modified":"2025-06-10T12:45:31","modified_gmt":"2025-06-10T18:45:31","slug":"tragedia-en-la-autopista-isla-acayucan-un-muerto-y-mas-de-20-heridos","status":"publish","type":"post","link":"https:\/\/encuentroinformativo.com.mx\/?p=68297","title":{"rendered":"Tragedia en la autopista Isla \u2013Acayucan: un muerto y m\u00e1s de 20 heridos\u00a0"},"content":{"rendered":"<p><strong>Jos\u00e9 Vargas<\/strong><\/p>\n<p>Acayucan, Ver.- La madrugada de este martes se registr\u00f3 un grave accidente en la autopista Isla\u2013Acayucan, a la altura del kil\u00f3metro 149 en direcci\u00f3n a Acayucan, cuando un autob\u00fas de pasajeros de la l\u00ednea ADO colision\u00f3 por alcance contra un tr\u00e1iler doble remolque que estaba detenido sobre la carretera. Hasta el momento, el saldo confirmado es de un fallecido y m\u00e1s de 20 personas lesionadas.<\/p>\n<p>El autob\u00fas, con n\u00famero econ\u00f3mico 0610, que cubr\u00eda la ruta Puebla\u2013M\u00e9rida, impact\u00f3 contra la parte trasera del tr\u00e1iler, cuyo conductor aparentemente se encontraba parado en el lugar. Las primeras indagatorias apuntan a que el chofer del autob\u00fas pudo haberse quedado dormido, provocando el choque. La v\u00edctima mortal es el conductor del autob\u00fas, Jos\u00e9 Felipe Torrez, de 51 a\u00f1os.<\/p>\n<p>Param\u00e9dicos de CAPUFE, Protecci\u00f3n Civil de Acayucan y Oluta, as\u00ed como elementos de la Cruz Roja, se movilizaron r\u00e1pidamente para atender a los m\u00e1s de 20 pasajeros lesionados, quienes fueron trasladados a hospitales de la regi\u00f3n con heridas de diversa gravedad.<\/p>\n<p>La Guardia Nacional Divisi\u00f3n Carreteras acordon\u00f3 la zona para facilitar las diligencias y el trabajo de peritos forenses y autoridades ministeriales, quienes contin\u00faan con las investigaciones para esclarecer con precisi\u00f3n las causas del accidente.<\/p>\n<p>Entre los pasajeros heridos se encuentran personas como Matilde Mesme Garc\u00eda, Mois\u00e9s Rodr\u00edguez Carrera, Ignacio Alejandro Dom\u00ednguez Rivera, Argelia Quiroga Contreras, Gilberto Canul Ribera, Neris Gim\u00e9nez P\u00e9rez, Manuel Morales Garc\u00eda, Albilda de la Cruz S\u00e1nchez, Nelson Ronzon Ram\u00edrez, Fortunata Espinoza Bautista, Enrique Fuentes, Carmelo Cid, Ricardo Hern\u00e1ndez Rojas, Fernando Jos\u00e9 Ju\u00e1rez Contreras, Dayron Michel Ju\u00e1rez Contreras, Cl\u00e1udio Fernando Galicia Flores, \u00c1ngel Said Castro Hern\u00e1ndez, Susana Esteven de Marcos, Reyna Olla Sangu\u00edneo, Juan Javier Silva Guti\u00e9rrez, Javier Silva Guti\u00e9rrez, Javier Benito P\u00e9rez, Gilberto Canul Rivera, Rosa Evelya Mu\u00f1oz Romero, Jos\u00e9 Alberto B\u00e1ez y Carmen M\u00e9ndez S\u00e1nchez.<\/p>\n<p>El accidente gener\u00f3 cierre parcial de la autopista durante varias horas, lo que provoc\u00f3 importantes retrasos y complicaciones para el tr\u00e1nsito vehicular en la zona.<\/p>\n<p>Las autoridades contin\u00faan trabajando en el sitio para recabar informaci\u00f3n y garantizar la seguridad de los usuarios, mientras que familiares y pasajeros afectados demandan atenci\u00f3n y claridad en el desarrollo de las investigaciones.<\/p>\n<p><img loading=\"lazy\" decoding=\"async\" class=\"aligncenter size-medium wp-image-68299\" src=\"https:\/\/encuentroinformativo.com.mx\/wp-content\/uploads\/2025\/06\/IMG-20250610-WA0062-225x300.jpg\" alt=\"\" width=\"225\" height=\"300\" srcset=\"https:\/\/encuentroinformativo.com.mx\/wp-content\/uploads\/2025\/06\/IMG-20250610-WA0062-225x300.jpg 225w, https:\/\/encuentroinformativo.com.mx\/wp-content\/uploads\/2025\/06\/IMG-20250610-WA0062-768x1024.jpg 768w, https:\/\/encuentroinformativo.com.mx\/wp-content\/uploads\/2025\/06\/IMG-20250610-WA0062.jpg 960w\" sizes=\"auto, (max-width: 225px) 100vw, 225px\" \/><\/p>\n","protected":false},"excerpt":{"rendered":"<p>Jos\u00e9 Vargas Acayucan, Ver.- La madrugada de este martes se registr\u00f3 un grave accidente en la autopista Isla\u2013Acayucan, a la altura del kil\u00f3metro 149 en direcci\u00f3n a Acayucan, cuando un autob\u00fas de pasajeros de la l\u00ednea ADO colision\u00f3 por alcance contra un tr\u00e1iler doble remolque que estaba detenido sobre la carretera. Hasta el momento, el [&hellip;]<\/p>\n","protected":false},"author":2476,"featured_media":68298,"comment_status":"open","ping_status":"open","sticky":false,"template":"","format":"standard","meta":{"_jetpack_memberships_contains_paid_content":false,"footnotes":""},"categories":[2],"tags":[],"class_list":["post-68297","post","type-post","status-publish","format-standard","has-post-thumbnail","hentry","category-estado"],"jetpack_featured_media_url":"https:\/\/encuentroinformativo.com.mx\/wp-content\/uploads\/2025\/06\/IMG-20250610-WA0061.jpg","jetpack_sharing_enabled":true,"jetpack_likes_enabled":true,"amp_enabled":true,"_links":{"self":[{"href":"https:\/\/encuentroinformativo.com.mx\/index.php?rest_route=\/wp\/v2\/posts\/68297","targetHints":{"allow":["GET"]}}],"collection":[{"href":"https:\/\/encuentroinformativo.com.mx\/index.php?rest_route=\/wp\/v2\/posts"}],"about":[{"href":"https:\/\/encuentroinformativo.com.mx\/index.php?rest_route=\/wp\/v2\/types\/post"}],"author":[{"embeddable":true,"href":"https:\/\/encuentroinformativo.com.mx\/index.php?rest_route=\/wp\/v2\/users\/2476"}],"replies":[{"embeddable":true,"href":"https:\/\/encuentroinformativo.com.mx\/index.php?rest_route=%2Fwp%2Fv2%2Fcomments&post=68297"}],"version-history":[{"count":1,"href":"https:\/\/encuentroinformativo.com.mx\/index.php?rest_route=\/wp\/v2\/posts\/68297\/revisions"}],"predecessor-version":[{"id":68300,"href":"https:\/\/encuentroinformativo.com.mx\/index.php?rest_route=\/wp\/v2\/posts\/68297\/revisions\/68300"}],"wp:featuredmedia":[{"embeddable":true,"href":"https:\/\/encuentroinformativo.com.mx\/index.php?rest_route=\/wp\/v2\/media\/68298"}],"wp:attachment":[{"href":"https:\/\/encuentroinformativo.com.mx\/index.php?rest_route=%2Fwp%2Fv2%2Fmedia&parent=68297"}],"wp:term":[{"taxonomy":"category","embeddable":true,"href":"https:\/\/encuentroinformativo.com.mx\/index.php?rest_route=%2Fwp%2Fv2%2Fcategories&post=68297"},{"taxonomy":"post_tag","embeddable":true,"href":"https:\/\/encuentroinformativo.com.mx\/index.php?rest_route=%2Fwp%2Fv2%2Ftags&post=68297"}],"curies":[{"name":"wp","href":"https:\/\/api.w.org\/{rel}","templated":true}]}}