{"id":6830,"date":"2020-10-12T16:48:43","date_gmt":"2020-10-12T21:48:43","guid":{"rendered":"https:\/\/encuentroinformativo.com.mx\/?p=6830"},"modified":"2020-10-12T16:48:46","modified_gmt":"2020-10-12T21:48:46","slug":"sefiplan-debera-pagar-adeudos-a-empresarios","status":"publish","type":"post","link":"https:\/\/encuentroinformativo.com.mx\/?p=6830","title":{"rendered":"SEFIPLAN deber\u00e1 pagar adeudos a empresarios"},"content":{"rendered":"\n<p><strong>Dar\u00edo Pale <\/strong><\/p>\n\n\n\n<p>Xalapa, Ver.- La recomendaci\u00f3n emitida por la Comisi\u00f3n Estatal de Derechos Humanos (CEDH) por la violaci\u00f3n a la seguridad jur\u00eddica de los empresarios proveedores de la administraci\u00f3n estatal, desde el r\u00e9gimen de Javier Duarte y en donde se define que hay un n\u00famero indeterminado de v\u00edctimas y que la violaci\u00f3n, hasta el d\u00eda de hoy, a\u00fan prevalece, as\u00ed lo dio a conocer el\u00a0abogado Juan Jos\u00e9 Llanes.<\/p>\n\n\n\n<p>En conferencia de prensa\u00a0acompa\u00f1ado de los afectados,\u00a0inform\u00f3\u00a0que a partir de dicha recomendaci\u00f3n, la Sefiplan deber\u00e1 iniciar una investigaci\u00f3n en contra de aquellos servidores p\u00fablicos de las administraciones de Duarte, de Yunes por la violaci\u00f3n de los derechos humanos de las v\u00edctimas,\u00a0en el caso de la presente gesti\u00f3n, si hubiera omisi\u00f3n de los servidores p\u00fablicos, tambi\u00e9n que haya una sanci\u00f3n.<\/p>\n\n\n\n<p>El abogado, subray\u00f3 que en toda la historia de la Comisi\u00f3n Estatal de Derechos Humanos solo se han presentado dos recomendaciones de este tipo, por lo que estim\u00f3 que la recomendaci\u00f3n ser\u00e1 aceptada por la Sefiplan porque con ello habr\u00eda congruencia de un gobierno que ha presumido el respeto a los derechos humanos, pero porque es pol\u00edticamente correcto.<\/p>\n\n\n\n<p>Consider\u00f3 que se debe cuestionar al titular de la Sefiplan, Jos\u00e9 Luis Lima Franco si tiene la intenci\u00f3n de pagar a los afectados, no por las deudas de las administraciones pasadas, sino porque son adeudos institucionales o, pretende prolongar la violaci\u00f3n de los derechos humanos de los empresarios.<\/p>\n\n\n\n<p>Hizo un recuento de la situaci\u00f3n que se present\u00f3 desde 2010 y hasta 2016 y, posteriormente, en el bienio de Miguel \u00c1ngel Yunes Linares, donde \u00fanicamente se simul\u00f3 la intenci\u00f3n de pago.<\/p>\n\n\n\n<p>&#8220;Es una violaci\u00f3n de tracto sucesivo, comenz\u00f3 con Yunes y se ha perpetuado en este momento. Yunes gobern\u00f3 dos a\u00f1os, \u00e9stos ya llevan dos a\u00f1os. En un lapso de tres a\u00f1os, \u00bfen Veracruz qui\u00e9nes gobernaron?: el PRI, el PAN y Morena en esos tres a\u00f1os todas las fuerzas pol\u00edticas han sido gobierno y han sido oposici\u00f3n. Nunca en la historia de M\u00e9xico, en una entidad federativa ha habido alternancias tan r\u00e1pidas, en\u00e9rgicas y diametralmente opuestas&#8221;, inform\u00f3.<\/p>\n\n\n\n<p>Expuso que la violaci\u00f3n a la certeza jur\u00eddica dej\u00f3 a un n\u00famero indeterminado de v\u00edctimas, conforme lo definido por el organismo defensor de los derechos humanos, dio a conocer\u00a0que durante la administraci\u00f3n de Yunes se emiti\u00f3 un acuerdo por el que se instru\u00eda a la Sefiplan a revisar y validar los adeudos de 2010 a 2016, a cargo de las distintas dependencias con proveedores y contratistas.\u00a0Sin embargo, para ese entonces el discurso estaba &#8220;cifrado&#8221; en lo que interpretaban en la &#8220;necesidad&#8221; de pagar adeudos inexistentes, porque una de las estrategias de Javier Duarte fue la creaci\u00f3n de empresas fantasmas.<\/p>\n\n\n\n<p>Llanes defini\u00f3 que el gobierno estatal, en 2017, decidi\u00f3 que iba a revisar y validar esos adeudos para pagarlos, pero obviamente no tendr\u00eda sentido revisarlos si no estaban destinados a pagarse.<\/p>\n\n\n\n<p>Abund\u00f3 que el 25 de febrero de 2018, el Gobierno inform\u00f3 que comenzar\u00eda a pagar la deuda, ello con base en distintas publicaciones de medios de comunicaci\u00f3n, donde\u00a0record\u00f3 que el entonces candidato a la gubernatura, indic\u00f3 que el adeudo era de 40 mil millones de pesos, posteriormente, dijo que \u00e9ste era de apenas 4 mil millones de pesos.<\/p>\n\n\n\n<p>Por \u00faltimo se\u00f1al\u00f3 que al no ver que tampoco les iban a pagar decidieron interponer una queja ante la Comisi\u00f3n Estatal de Derechos Humanos y por ello el 22 de octubre de 2018,\u00a0 concurrieron a la Comisi\u00f3n a presentar las quejas por el fraude que cometi\u00f3 en su contra el gobierno de Javier Duarte y que despu\u00e9s fueron v\u00edctimas del enga\u00f1o que perpetr\u00f3 el gobierno de Yunes al emitir un acuerdo que no se iba a cumplir, a simular que iba a reparar ese da\u00f1o.<\/p>\n","protected":false},"excerpt":{"rendered":"<p>Dar\u00edo Pale Xalapa, Ver.- La recomendaci\u00f3n emitida por la Comisi\u00f3n Estatal de Derechos Humanos (CEDH) por la violaci\u00f3n a la seguridad jur\u00eddica de los empresarios proveedores de la administraci\u00f3n estatal, desde el r\u00e9gimen de Javier Duarte y en donde se define que hay un n\u00famero indeterminado de v\u00edctimas y que la violaci\u00f3n, hasta el d\u00eda [&hellip;]<\/p>\n","protected":false},"author":1,"featured_media":6831,"comment_status":"open","ping_status":"open","sticky":false,"template":"","format":"standard","meta":{"_jetpack_memberships_contains_paid_content":false,"footnotes":""},"categories":[2],"tags":[],"class_list":["post-6830","post","type-post","status-publish","format-standard","has-post-thumbnail","hentry","category-estado"],"jetpack_featured_media_url":"https:\/\/encuentroinformativo.com.mx\/wp-content\/uploads\/2020\/10\/542B4A9C-EE9E-4181-88F7-6A1390781CD7.jpeg","jetpack_sharing_enabled":true,"jetpack_likes_enabled":true,"amp_enabled":true,"_links":{"self":[{"href":"https:\/\/encuentroinformativo.com.mx\/index.php?rest_route=\/wp\/v2\/posts\/6830","targetHints":{"allow":["GET"]}}],"collection":[{"href":"https:\/\/encuentroinformativo.com.mx\/index.php?rest_route=\/wp\/v2\/posts"}],"about":[{"href":"https:\/\/encuentroinformativo.com.mx\/index.php?rest_route=\/wp\/v2\/types\/post"}],"author":[{"embeddable":true,"href":"https:\/\/encuentroinformativo.com.mx\/index.php?rest_route=\/wp\/v2\/users\/1"}],"replies":[{"embeddable":true,"href":"https:\/\/encuentroinformativo.com.mx\/index.php?rest_route=%2Fwp%2Fv2%2Fcomments&post=6830"}],"version-history":[{"count":1,"href":"https:\/\/encuentroinformativo.com.mx\/index.php?rest_route=\/wp\/v2\/posts\/6830\/revisions"}],"predecessor-version":[{"id":6832,"href":"https:\/\/encuentroinformativo.com.mx\/index.php?rest_route=\/wp\/v2\/posts\/6830\/revisions\/6832"}],"wp:featuredmedia":[{"embeddable":true,"href":"https:\/\/encuentroinformativo.com.mx\/index.php?rest_route=\/wp\/v2\/media\/6831"}],"wp:attachment":[{"href":"https:\/\/encuentroinformativo.com.mx\/index.php?rest_route=%2Fwp%2Fv2%2Fmedia&parent=6830"}],"wp:term":[{"taxonomy":"category","embeddable":true,"href":"https:\/\/encuentroinformativo.com.mx\/index.php?rest_route=%2Fwp%2Fv2%2Fcategories&post=6830"},{"taxonomy":"post_tag","embeddable":true,"href":"https:\/\/encuentroinformativo.com.mx\/index.php?rest_route=%2Fwp%2Fv2%2Ftags&post=6830"}],"curies":[{"name":"wp","href":"https:\/\/api.w.org\/{rel}","templated":true}]}}