{"id":68313,"date":"2025-06-11T08:47:40","date_gmt":"2025-06-11T14:47:40","guid":{"rendered":"https:\/\/encuentroinformativo.com.mx\/?p=68313"},"modified":"2025-06-11T08:47:40","modified_gmt":"2025-06-11T14:47:40","slug":"jorge-manzo-critica-amenazas-y-responsabiliza-al-rector-de-la-uv-por-el-clima-de-tension","status":"publish","type":"post","link":"https:\/\/encuentroinformativo.com.mx\/?p=68313","title":{"rendered":"Jorge Manzo critica amenazas y responsabiliza al rector de la UV por el clima de tensi\u00f3n"},"content":{"rendered":"<p><strong>* El aspirante a la rector\u00eda de la Universidad Veracruzana expresa su rechazo a las amenazas contra la Junta de Gobierno, pero advierte que el conflicto tiene origen en las propias autoridades universitarias.<\/strong><\/p>\n<p>Xalapa, Ver.- En un posicionamiento p\u00fablico titulado \u00bfQui\u00e9n tir\u00f3 la primera piedra?, el doctor Jorge Manzo Denes, aspirante a la rector\u00eda de la Universidad Veracruzana (UV), expres\u00f3 su solidaridad con los integrantes de la Junta de Gobierno, quienes recientemente denunciaron haber recibido amenazas, pero tambi\u00e9n se\u00f1al\u00f3 que dichas tensiones son consecuencia de un clima generado desde la propia administraci\u00f3n universitaria.<\/p>\n<p>El acad\u00e9mico retoma la tercera ley de Newton como met\u00e1fora para analizar la situaci\u00f3n que atraviesa la UV: \u201cA toda acci\u00f3n corresponde una reacci\u00f3n de igual magnitud pero en sentido opuesto\u201d, y plantea que la actual crisis institucional no surgi\u00f3 de manera espont\u00e1nea, sino como respuesta a actos previos de presi\u00f3n y coacci\u00f3n por parte de autoridades universitarias.<\/p>\n<p>\u201cDesde mi posici\u00f3n como aspirante a la rector\u00eda de la UV, expreso con firmeza mi solidaridad con los miembros de la Junta de Gobierno y mi absoluto rechazo a cualquier forma de amenaza o coacci\u00f3n en un proceso universitario que debe conducirse con legalidad, respeto y, sobre todo, paz\u201d, escribi\u00f3 Manzo Denes.<\/p>\n<p>No obstante, el investigador tambi\u00e9n se solidariz\u00f3 con el personal acad\u00e9mico, administrativo, t\u00e9cnico, manual y con las y los estudiantes, y llam\u00f3 a reflexionar sobre el origen del conflicto. \u201c\u00bfQui\u00e9n tir\u00f3 la primera piedra?\u201d, pregunta, al tiempo que recuerda las denuncias hechas por la comunidad universitaria durante recientes sesiones del Consejo Universitario General, en las que estudiantes reportaron actos de intimidaci\u00f3n por parte de autoridades, incluso con mensajes amenazantes enviados a sus tel\u00e9fonos m\u00f3viles.<\/p>\n<p>Durante una marcha reciente, abund\u00f3, se vieron carteles con frases como \u201cMarchamos con miedo\u201d, \u201cNo nos dejan bajar\u201d o \u201cYa te vimos en la marcha\u201d, que reflejan un ambiente de vigilancia y presi\u00f3n, indic\u00f3.<\/p>\n<p>En ese contexto, Jorge Manzo afirm\u00f3 que \u201cla primera piedra la arrojaron las propias autoridades universitarias, y el principal responsable es el rector\u201d. A\u00f1adi\u00f3 que la Junta de Gobierno guard\u00f3 silencio hasta que tambi\u00e9n fue blanco de las agresiones, y cuestion\u00f3 por qu\u00e9 no reaccion\u00f3 antes cuando miembros de la comunidad fueron amedrentados.<\/p>\n<p>\u201cHa llegado el momento de recuperar el cauce de paz y legalidad que debe guiar a una instituci\u00f3n de educaci\u00f3n superior como la Universidad Veracruzana\u201d, concluy\u00f3 el acad\u00e9mico. Finalmente, expres\u00f3 de forma contundente su posici\u00f3n: \u201cNo a la pr\u00f3rroga. El Dr. Mart\u00edn Gerardo Aguilar S\u00e1nchez ya no merece conducir la Universidad Veracruzana. \u00c9l fue quien tir\u00f3 la primera piedra.\u201d<\/p>\n","protected":false},"excerpt":{"rendered":"<p>* El aspirante a la rector\u00eda de la Universidad Veracruzana expresa su rechazo a las amenazas contra la Junta de Gobierno, pero advierte que el conflicto tiene origen en las propias autoridades universitarias. Xalapa, Ver.- En un posicionamiento p\u00fablico titulado \u00bfQui\u00e9n tir\u00f3 la primera piedra?, el doctor Jorge Manzo Denes, aspirante a la rector\u00eda de [&hellip;]<\/p>\n","protected":false},"author":2476,"featured_media":39184,"comment_status":"open","ping_status":"open","sticky":false,"template":"","format":"standard","meta":{"_jetpack_memberships_contains_paid_content":false,"footnotes":""},"categories":[2],"tags":[],"class_list":["post-68313","post","type-post","status-publish","format-standard","has-post-thumbnail","hentry","category-estado"],"jetpack_featured_media_url":"https:\/\/encuentroinformativo.com.mx\/wp-content\/uploads\/2023\/04\/IMG-20230413-WA0046.jpg","jetpack_sharing_enabled":true,"jetpack_likes_enabled":true,"amp_enabled":true,"_links":{"self":[{"href":"https:\/\/encuentroinformativo.com.mx\/index.php?rest_route=\/wp\/v2\/posts\/68313","targetHints":{"allow":["GET"]}}],"collection":[{"href":"https:\/\/encuentroinformativo.com.mx\/index.php?rest_route=\/wp\/v2\/posts"}],"about":[{"href":"https:\/\/encuentroinformativo.com.mx\/index.php?rest_route=\/wp\/v2\/types\/post"}],"author":[{"embeddable":true,"href":"https:\/\/encuentroinformativo.com.mx\/index.php?rest_route=\/wp\/v2\/users\/2476"}],"replies":[{"embeddable":true,"href":"https:\/\/encuentroinformativo.com.mx\/index.php?rest_route=%2Fwp%2Fv2%2Fcomments&post=68313"}],"version-history":[{"count":1,"href":"https:\/\/encuentroinformativo.com.mx\/index.php?rest_route=\/wp\/v2\/posts\/68313\/revisions"}],"predecessor-version":[{"id":68314,"href":"https:\/\/encuentroinformativo.com.mx\/index.php?rest_route=\/wp\/v2\/posts\/68313\/revisions\/68314"}],"wp:featuredmedia":[{"embeddable":true,"href":"https:\/\/encuentroinformativo.com.mx\/index.php?rest_route=\/wp\/v2\/media\/39184"}],"wp:attachment":[{"href":"https:\/\/encuentroinformativo.com.mx\/index.php?rest_route=%2Fwp%2Fv2%2Fmedia&parent=68313"}],"wp:term":[{"taxonomy":"category","embeddable":true,"href":"https:\/\/encuentroinformativo.com.mx\/index.php?rest_route=%2Fwp%2Fv2%2Fcategories&post=68313"},{"taxonomy":"post_tag","embeddable":true,"href":"https:\/\/encuentroinformativo.com.mx\/index.php?rest_route=%2Fwp%2Fv2%2Ftags&post=68313"}],"curies":[{"name":"wp","href":"https:\/\/api.w.org\/{rel}","templated":true}]}}