{"id":68315,"date":"2025-06-11T11:46:13","date_gmt":"2025-06-11T17:46:13","guid":{"rendered":"https:\/\/encuentroinformativo.com.mx\/?p=68315"},"modified":"2025-06-11T11:47:48","modified_gmt":"2025-06-11T17:47:48","slug":"equifonia-recauda-fondos-para-brindar-mas-talleres-y-atencion-a-victimas","status":"publish","type":"post","link":"https:\/\/encuentroinformativo.com.mx\/?p=68315","title":{"rendered":"Equifon\u00eda recauda fondos para brindar m\u00e1s talleres y atenci\u00f3n a v\u00edctimas"},"content":{"rendered":"<p><strong>Dar\u00edo Pale<\/strong><\/p>\n<p>Xalapa, Ver.- Adriana Fuentes, Coordinadora General de Equifon\u00eda, Asociaci\u00f3n Civil, dio a conocer que para festejar los 15 a\u00f1os de la fundaci\u00f3n con un show para recaudando fondos y para poder brindar m\u00e1s atenci\u00f3n, m\u00e1s talleres a mam\u00e1s y pap\u00e1s y a ni\u00f1as v\u00edctimas de violencia sexual.<\/p>\n<p>En entrevista dio a conocer que, Equifonia naci\u00f3 hace 15 a\u00f1os y este a\u00f1o van a iniciar celebrando con un evento, un show con causa, Mara Escalante se presentar\u00e1 el d\u00eda de ma\u00f1ana a las 8 de la noche en el Teatro J.J. Herrera y va a estar celebrando con ellas los 15 a\u00f1os, pero tambi\u00e9n haciendo un llamado a la ciudadan\u00eda.<\/p>\n<p>\u201cLo que estamos haciendo es recaudar fondos para poder brindar m\u00e1s atenci\u00f3n, m\u00e1s talleres a mam\u00e1s y pap\u00e1s y a ni\u00f1as v\u00edctimas de violencia sexual, Veracruz, como tambi\u00e9n lo sabemos, ocupa el tercer lugar en embarazo infantil y es inevitable poder hacer algo m\u00e1s, entonces tenemos que sumarnos todas\u201d, coment\u00f3.<\/p>\n<p>Por lo que est\u00e1n convocando a la ciudadan\u00eda para que acuda a este show para poder abonar a los trabajos de Equifon\u00eda y poder seguir atendiendo a m\u00e1s ni\u00f1as.<\/p>\n<p>Lo que se recaude es para invertir \u201cs\u00ed, en el tema de traslados, en el tema de atenci\u00f3n m\u00e9dica, en el tema de atenci\u00f3n psicol\u00f3gica, en muchos de estos casos, como bien nos dicen las estad\u00edsticas y las referencias, hay un estado de pobreza extrema en las familias que tienen estos casos\u201d.<\/p>\n<p>\u201cSabemos que teniendo recursos, muchas veces estos casos ni siquiera llegan a un Ministerio P\u00fablico, pero es tambi\u00e9n un llamado a visibilizar el embarazo infantil, no es normal que una ni\u00f1a menor de 15 a\u00f1os y casos como de 9, 10 a\u00f1os contin\u00faen un embarazo, esto las coloca en riesgo a su salud y adem\u00e1s que est\u00e1 vulnerando su derecho a vivir libres de violencia\u201d, se\u00f1al\u00f3.<\/p>\n<p>En lo que se refiere a las acciones con el Instituto Veracruzano de las Mujeres coment\u00f3 que, ya empezaron a entablar di\u00e1logos porque son 10 municipios los prioritarios que ellas identifican y es muy importante que esos municipios, adem\u00e1s de todos, puedan atenderlo.<\/p>\n<p>\u201cSi bien es cierto, la Fiscal\u00eda tiene una responsabilidad en brindar la atenci\u00f3n y vincular con las Procuradur\u00edas tambi\u00e9n la Secretar\u00eda de Salud, pero si los casos llegan a la Procuradur\u00eda son ellas quienes tienen tambi\u00e9n la representaci\u00f3n en suplencia o en coadyuvancia con las familias\u201d, dijo en entrevista.<\/p>\n<p>Dijo que desafortunadamente el estado se mantiene en el tercer lugar ya que tan solo en el 2024 fueron 615 casos de ni\u00f1as madres obligadas, entonces v\u00edctimas de violencia sexual, tambi\u00e9n identificaron que de 2021 al 2024 de la violencia sexual en contra de ni\u00f1as, solamente una de cada 73 ha podido acceder a una IVE (Interrupci\u00f3n Voluntaria del Embarazo).<\/p>\n<p>Inform\u00f3 que muchas veces se les niega el ILE por falta de capacitaci\u00f3n, hay falta de recursos, entonces, lo que no saben, es el total desconocimiento de la ley y de la protecci\u00f3n y del inter\u00e9s superior de las ni\u00f1as.<\/p>\n<p>Coment\u00f3 que, \u201cen el Estado de Veracruz ten\u00edamos un c\u00f3digo en donde limitaba el acceso a v\u00edctimas de violencia sexual a 90 d\u00edas, ese plazo ya no est\u00e1, entonces tendr\u00edan que estar dando una consejer\u00eda en cualquier momento de la gestaci\u00f3n, porque es una violaci\u00f3n grave, es tortura, al obligar a una ni\u00f1a a continuar un embarazo es tortura, y menores de 15 a\u00f1os hay que diferenciar totalmente lo que es el embarazo infantil y el embarazo adolescente, M\u00e9xico est\u00e1 comprometido a erradicar el embarazo infantil, que es de los 15 a\u00f1os hacia menores, y de los 15 a los 19 es la reducci\u00f3n del embarazo adolescente\u201d.<\/p>\n<p>Finalmente se\u00f1al\u00f3 que las autoridades e instituciones de salud p\u00fablica, fiscal\u00edas y las procuradur\u00edas que en esta responsabilidad tienen para la atenci\u00f3n de las ni\u00f1as y ni\u00f1os, dijo que \u201cno han coadyuvado de manera adecuada, tan es as\u00ed que en estos 615 casos nos reflejan que no hay un plan de restituci\u00f3n de derechos\u201d.<\/p>\n","protected":false},"excerpt":{"rendered":"<p>Dar\u00edo Pale Xalapa, Ver.- Adriana Fuentes, Coordinadora General de Equifon\u00eda, Asociaci\u00f3n Civil, dio a conocer que para festejar los 15 a\u00f1os de la fundaci\u00f3n con un show para recaudando fondos y para poder brindar m\u00e1s atenci\u00f3n, m\u00e1s talleres a mam\u00e1s y pap\u00e1s y a ni\u00f1as v\u00edctimas de violencia sexual. En entrevista dio a conocer que, [&hellip;]<\/p>\n","protected":false},"author":2476,"featured_media":68316,"comment_status":"open","ping_status":"open","sticky":false,"template":"","format":"standard","meta":{"_jetpack_memberships_contains_paid_content":false,"footnotes":""},"categories":[3],"tags":[],"class_list":["post-68315","post","type-post","status-publish","format-standard","has-post-thumbnail","hentry","category-xalapa"],"jetpack_featured_media_url":"https:\/\/encuentroinformativo.com.mx\/wp-content\/uploads\/2025\/06\/IMG-20250611-WA01002.jpg","jetpack_sharing_enabled":true,"jetpack_likes_enabled":true,"amp_enabled":true,"_links":{"self":[{"href":"https:\/\/encuentroinformativo.com.mx\/index.php?rest_route=\/wp\/v2\/posts\/68315","targetHints":{"allow":["GET"]}}],"collection":[{"href":"https:\/\/encuentroinformativo.com.mx\/index.php?rest_route=\/wp\/v2\/posts"}],"about":[{"href":"https:\/\/encuentroinformativo.com.mx\/index.php?rest_route=\/wp\/v2\/types\/post"}],"author":[{"embeddable":true,"href":"https:\/\/encuentroinformativo.com.mx\/index.php?rest_route=\/wp\/v2\/users\/2476"}],"replies":[{"embeddable":true,"href":"https:\/\/encuentroinformativo.com.mx\/index.php?rest_route=%2Fwp%2Fv2%2Fcomments&post=68315"}],"version-history":[{"count":1,"href":"https:\/\/encuentroinformativo.com.mx\/index.php?rest_route=\/wp\/v2\/posts\/68315\/revisions"}],"predecessor-version":[{"id":68317,"href":"https:\/\/encuentroinformativo.com.mx\/index.php?rest_route=\/wp\/v2\/posts\/68315\/revisions\/68317"}],"wp:featuredmedia":[{"embeddable":true,"href":"https:\/\/encuentroinformativo.com.mx\/index.php?rest_route=\/wp\/v2\/media\/68316"}],"wp:attachment":[{"href":"https:\/\/encuentroinformativo.com.mx\/index.php?rest_route=%2Fwp%2Fv2%2Fmedia&parent=68315"}],"wp:term":[{"taxonomy":"category","embeddable":true,"href":"https:\/\/encuentroinformativo.com.mx\/index.php?rest_route=%2Fwp%2Fv2%2Fcategories&post=68315"},{"taxonomy":"post_tag","embeddable":true,"href":"https:\/\/encuentroinformativo.com.mx\/index.php?rest_route=%2Fwp%2Fv2%2Ftags&post=68315"}],"curies":[{"name":"wp","href":"https:\/\/api.w.org\/{rel}","templated":true}]}}