{"id":6833,"date":"2020-10-12T17:05:17","date_gmt":"2020-10-12T22:05:17","guid":{"rendered":"https:\/\/encuentroinformativo.com.mx\/?p=6833"},"modified":"2020-10-12T17:05:19","modified_gmt":"2020-10-12T22:05:19","slug":"policia-ministerial-encubre-a-elemento-que-dio-muerte-a-taxista-en-cosamaloapan","status":"publish","type":"post","link":"https:\/\/encuentroinformativo.com.mx\/?p=6833","title":{"rendered":"Polic\u00eda Ministerial encubre a elemento que dio muerte a taxista en Cosamaloapan"},"content":{"rendered":"\n<p><strong>Alejandro \u00c1vila<\/strong><\/p>\n\n\n\n<p>Cosamaloapan, Ver.- Personal de la Polic\u00eda Ministerial en Cosamaloapan, encubrieron a elemento que dio muerte a taxista tras chocarlo en una camioneta oficial en estado de ebriedad.<\/p>\n\n\n\n<p>Familiares del se\u00f1or \u00c1ngel S\u00e1nchez Ram\u00edrez, piden al Gobierno de Veracruz y a la Fiscal\u00eda General del Estado, no quede impune el delito y se haga justicia conforme lo marca la ley.<\/p>\n\n\n\n<p>Los hechos ocurrieron la madrugada del s\u00e1bado pasado, muy cerca de la colonia San Felipe en el municipio de Cosamaloapan, cuando el ruletero de 64 a\u00f1os de edad, manejaba su unidad con n\u00famero econ\u00f3mico 04 y fue impactado en la parte trasera por una camioneta que conduc\u00eda una persona con los niveles de alcohol muy altos.<\/p>\n\n\n\n<p>El golpe empuj\u00f3 a la unidad de transporte p\u00fablico varios metros y la sac\u00f3 del camino, acci\u00f3n que le provoc\u00f3 la muerte instatant\u00e1nea a Don \u00c1ngel, quien ya se dirig\u00eda a su hogar, tras haber dejado a su \u00faltimo pasaje del turno.<\/p>\n\n\n\n<p>Los testigos confirman que la unidad que lo choc\u00f3, se trata de una camioneta marca Mitsubishi, color blanco, y quien la abordaba, un elemento de la Polic\u00eda Ministerial, decidi\u00f3 huir del lugar, pero no avanz\u00f3 muchas cuadras, debido a que la camioneta tambi\u00e9n tuvo desperfectos, el conductor debido a su embriaguez, se qued\u00f3 dormido en el volante.<\/p>\n\n\n\n<p>Al lugar llegaron elementos de la Polic\u00eda Municipal, quienes detuvieron al responsable del accidente, pero compa\u00f1eros suyos de la Polic\u00eda Ministerial, llegaron para arrebatarles bajo amenazas al detenido.<\/p>\n\n\n\n<p>Por su parte, los familiares denunciaron hostigamiento por parte de la Polic\u00eda Ministerial, pues les prohibieron tomar fotos o videos de lo sucedido; aunado a ello, se\u00f1alan que no se realizaron los protocolos periciales correspondientes, ayudando as\u00ed a su compa\u00f1ero.<\/p>\n\n\n\n<p>Por si fuera poco, el elemento de la Polic\u00eda Ministerial que ocasion\u00f3 el accidente se encuentra en libertad y en espera de que se lleve a cabo la audiencia de vinculaci\u00f3n a proceso.&nbsp;<\/p>\n\n\n\n<p>\u00c1ngel S\u00e1nchez Ram\u00edrez, fue quien inici\u00f3 en Cosamaloapan el servicio de Radio Taxi, hace 25 a\u00f1os, y a\u00fan era quien se hac\u00eda cargo de varios miembros de su familia con su trabajo al volante.<\/p>\n\n\n\n<figure class=\"wp-block-image size-large\"><img loading=\"lazy\" decoding=\"async\" width=\"1024\" height=\"768\" src=\"https:\/\/encuentroinformativo.com.mx\/wp-content\/uploads\/2020\/10\/1DB172B4-C814-4575-BDC0-B0E3D82902A2-1024x768.jpeg\" alt=\"\" class=\"wp-image-6835\" srcset=\"https:\/\/encuentroinformativo.com.mx\/wp-content\/uploads\/2020\/10\/1DB172B4-C814-4575-BDC0-B0E3D82902A2-1024x768.jpeg 1024w, https:\/\/encuentroinformativo.com.mx\/wp-content\/uploads\/2020\/10\/1DB172B4-C814-4575-BDC0-B0E3D82902A2-300x225.jpeg 300w, https:\/\/encuentroinformativo.com.mx\/wp-content\/uploads\/2020\/10\/1DB172B4-C814-4575-BDC0-B0E3D82902A2-768x576.jpeg 768w, https:\/\/encuentroinformativo.com.mx\/wp-content\/uploads\/2020\/10\/1DB172B4-C814-4575-BDC0-B0E3D82902A2.jpeg 1280w\" sizes=\"auto, (max-width: 1024px) 100vw, 1024px\" \/><\/figure>\n","protected":false},"excerpt":{"rendered":"<p>Alejandro \u00c1vila Cosamaloapan, Ver.- Personal de la Polic\u00eda Ministerial en Cosamaloapan, encubrieron a elemento que dio muerte a taxista tras chocarlo en una camioneta oficial en estado de ebriedad. Familiares del se\u00f1or \u00c1ngel S\u00e1nchez Ram\u00edrez, piden al Gobierno de Veracruz y a la Fiscal\u00eda General del Estado, no quede impune el delito y se haga [&hellip;]<\/p>\n","protected":false},"author":1,"featured_media":6834,"comment_status":"open","ping_status":"open","sticky":false,"template":"","format":"standard","meta":{"_jetpack_memberships_contains_paid_content":false,"footnotes":""},"categories":[14],"tags":[],"class_list":["post-6833","post","type-post","status-publish","format-standard","has-post-thumbnail","hentry","category-policiaca"],"jetpack_featured_media_url":"https:\/\/encuentroinformativo.com.mx\/wp-content\/uploads\/2020\/10\/D36E659A-9483-41D7-8466-525DBF5EB1E9.jpeg","jetpack_sharing_enabled":true,"jetpack_likes_enabled":true,"amp_enabled":true,"_links":{"self":[{"href":"https:\/\/encuentroinformativo.com.mx\/index.php?rest_route=\/wp\/v2\/posts\/6833","targetHints":{"allow":["GET"]}}],"collection":[{"href":"https:\/\/encuentroinformativo.com.mx\/index.php?rest_route=\/wp\/v2\/posts"}],"about":[{"href":"https:\/\/encuentroinformativo.com.mx\/index.php?rest_route=\/wp\/v2\/types\/post"}],"author":[{"embeddable":true,"href":"https:\/\/encuentroinformativo.com.mx\/index.php?rest_route=\/wp\/v2\/users\/1"}],"replies":[{"embeddable":true,"href":"https:\/\/encuentroinformativo.com.mx\/index.php?rest_route=%2Fwp%2Fv2%2Fcomments&post=6833"}],"version-history":[{"count":2,"href":"https:\/\/encuentroinformativo.com.mx\/index.php?rest_route=\/wp\/v2\/posts\/6833\/revisions"}],"predecessor-version":[{"id":6837,"href":"https:\/\/encuentroinformativo.com.mx\/index.php?rest_route=\/wp\/v2\/posts\/6833\/revisions\/6837"}],"wp:featuredmedia":[{"embeddable":true,"href":"https:\/\/encuentroinformativo.com.mx\/index.php?rest_route=\/wp\/v2\/media\/6834"}],"wp:attachment":[{"href":"https:\/\/encuentroinformativo.com.mx\/index.php?rest_route=%2Fwp%2Fv2%2Fmedia&parent=6833"}],"wp:term":[{"taxonomy":"category","embeddable":true,"href":"https:\/\/encuentroinformativo.com.mx\/index.php?rest_route=%2Fwp%2Fv2%2Fcategories&post=6833"},{"taxonomy":"post_tag","embeddable":true,"href":"https:\/\/encuentroinformativo.com.mx\/index.php?rest_route=%2Fwp%2Fv2%2Ftags&post=6833"}],"curies":[{"name":"wp","href":"https:\/\/api.w.org\/{rel}","templated":true}]}}