{"id":68331,"date":"2025-06-11T13:17:35","date_gmt":"2025-06-11T19:17:35","guid":{"rendered":"https:\/\/encuentroinformativo.com.mx\/?p=68331"},"modified":"2025-06-11T13:17:35","modified_gmt":"2025-06-11T19:17:35","slug":"motociclistas-bloquean-carretera-en-coscomatepec-reclaman-justicia-para-companero","status":"publish","type":"post","link":"https:\/\/encuentroinformativo.com.mx\/?p=68331","title":{"rendered":"Motociclistas bloquean carretera en Coscomatepec, reclaman justicia para compa\u00f1ero\u00a0"},"content":{"rendered":"<p><strong>Alejandro \u00c1vila<\/strong><\/p>\n<p>Coscomatepec, Ver.- Un nutrido grupo de motociclistas mantienen bloqueada la carretera federal 143 que conecta a los municipios de Huatusco con Fort\u00edn de las Flores, a la altura de la localidad El Columpio perteneciente al municipio de Coscomatepec.<\/p>\n<p>Los manifestantes exigen justicia para su compa\u00f1ero Moises &#8220;N&#8221; de 25 a\u00f1os de edad, quien fue atropellado por una camioneta de la empresa Coppel, la noche de este martes 10 de junio en la localidad Dos Caminos.<\/p>\n<p>La molestia de los manifestantes es que la Polic\u00eda Municipal detuvo al conductor y minutos despu\u00e9s lo dejaron libre, y la empresa no se quiere hacer responsable de los da\u00f1os f\u00edsicos y materiales.<\/p>\n<p>El motociclista, result\u00f3 con varias lesiones en su cuerpo y fue trasladado al hospital en C\u00f3rdoba, su estado de salud se reporta delicado.<\/p>\n<p>Debido al bloqueo los autobuses de pasajeros han sido desviados al municipio de Ixhuatl\u00e1n del Caf\u00e9 para salir al municipio de Tomatl\u00e1n y poder llegar a la ciudad de C\u00f3rdoba.<\/p>\n","protected":false},"excerpt":{"rendered":"<p>Alejandro \u00c1vila Coscomatepec, Ver.- Un nutrido grupo de motociclistas mantienen bloqueada la carretera federal 143 que conecta a los municipios de Huatusco con Fort\u00edn de las Flores, a la altura de la localidad El Columpio perteneciente al municipio de Coscomatepec. Los manifestantes exigen justicia para su compa\u00f1ero Moises &#8220;N&#8221; de 25 a\u00f1os de edad, quien [&hellip;]<\/p>\n","protected":false},"author":2476,"featured_media":68332,"comment_status":"open","ping_status":"open","sticky":false,"template":"","format":"standard","meta":{"_jetpack_memberships_contains_paid_content":false,"footnotes":""},"categories":[2],"tags":[],"class_list":["post-68331","post","type-post","status-publish","format-standard","has-post-thumbnail","hentry","category-estado"],"jetpack_featured_media_url":"https:\/\/encuentroinformativo.com.mx\/wp-content\/uploads\/2025\/06\/IMG-20250611-WA02052.jpg","jetpack_sharing_enabled":true,"jetpack_likes_enabled":true,"amp_enabled":true,"_links":{"self":[{"href":"https:\/\/encuentroinformativo.com.mx\/index.php?rest_route=\/wp\/v2\/posts\/68331","targetHints":{"allow":["GET"]}}],"collection":[{"href":"https:\/\/encuentroinformativo.com.mx\/index.php?rest_route=\/wp\/v2\/posts"}],"about":[{"href":"https:\/\/encuentroinformativo.com.mx\/index.php?rest_route=\/wp\/v2\/types\/post"}],"author":[{"embeddable":true,"href":"https:\/\/encuentroinformativo.com.mx\/index.php?rest_route=\/wp\/v2\/users\/2476"}],"replies":[{"embeddable":true,"href":"https:\/\/encuentroinformativo.com.mx\/index.php?rest_route=%2Fwp%2Fv2%2Fcomments&post=68331"}],"version-history":[{"count":1,"href":"https:\/\/encuentroinformativo.com.mx\/index.php?rest_route=\/wp\/v2\/posts\/68331\/revisions"}],"predecessor-version":[{"id":68333,"href":"https:\/\/encuentroinformativo.com.mx\/index.php?rest_route=\/wp\/v2\/posts\/68331\/revisions\/68333"}],"wp:featuredmedia":[{"embeddable":true,"href":"https:\/\/encuentroinformativo.com.mx\/index.php?rest_route=\/wp\/v2\/media\/68332"}],"wp:attachment":[{"href":"https:\/\/encuentroinformativo.com.mx\/index.php?rest_route=%2Fwp%2Fv2%2Fmedia&parent=68331"}],"wp:term":[{"taxonomy":"category","embeddable":true,"href":"https:\/\/encuentroinformativo.com.mx\/index.php?rest_route=%2Fwp%2Fv2%2Fcategories&post=68331"},{"taxonomy":"post_tag","embeddable":true,"href":"https:\/\/encuentroinformativo.com.mx\/index.php?rest_route=%2Fwp%2Fv2%2Ftags&post=68331"}],"curies":[{"name":"wp","href":"https:\/\/api.w.org\/{rel}","templated":true}]}}