{"id":68334,"date":"2025-06-11T14:26:18","date_gmt":"2025-06-11T20:26:18","guid":{"rendered":"https:\/\/encuentroinformativo.com.mx\/?p=68334"},"modified":"2025-06-11T14:26:18","modified_gmt":"2025-06-11T20:26:18","slug":"anuncian-tercera-edicion-de-gran-retto-aguas-abiertas","status":"publish","type":"post","link":"https:\/\/encuentroinformativo.com.mx\/?p=68334","title":{"rendered":"Anuncian tercera edici\u00f3n de Gran Retto Aguas Abiertas\u00a0"},"content":{"rendered":"<p><strong>Alejandro \u00c1vila<\/strong><\/p>\n<p>Veracruz, Ver.- Se dieron a conocer los detalles de la tercera edici\u00f3n de Gran Retto Aguas Abiertas por los Arrecifes Veracruzanos 2025, una competencia que promete consolidarse como referente nacional en la nataci\u00f3n de aguas abiertas y un motor importante para la econom\u00eda local.<\/p>\n<p>El certamen se llevar\u00e1 a cabo el pr\u00f3ximo s\u00e1bado 14 de junio en las playas de Ant\u00f3n Lizardo, pertenecientes al municipio de Alvarado; hasta el momento hay 368 nadadores inscritos, de ellos, 221 son de la rama femenil y 147 de la varonil.<\/p>\n<p>Los atletas se distribuir\u00e1n en diversas distancias, adaptadas a distintos niveles de experiencia; 8, 5 y 1.5 kil\u00f3metros, adem\u00e1s de 500 metros.<\/p>\n<p>Los nadadores de la prueba de 5 km se lanzar\u00e1n al agua desde la ic\u00f3nica Isla Salmedina, mientras que los valientes competidores de la distancia de 8 km iniciar\u00e1n su recorrido desde la Isla de En Medio, ofreciendo vistas inigualables del sistema arrecifal.<\/p>\n<p>El evento es organizado por el Parque Nacional Sistema Arrecifal Veracruzano en conjunto con la empresa Gran Retto y su director general, Luis Mario Villarreal V\u00e9lez.<\/p>\n<p>La entrega de paquetes se realizar\u00e1 el viernes 13 de junio en el Hotel Fiesta In del Malec\u00f3n de Veracruz la cual se desarrollar\u00e1 de 12 a 17 horas.<\/p>\n","protected":false},"excerpt":{"rendered":"<p>Alejandro \u00c1vila Veracruz, Ver.- Se dieron a conocer los detalles de la tercera edici\u00f3n de Gran Retto Aguas Abiertas por los Arrecifes Veracruzanos 2025, una competencia que promete consolidarse como referente nacional en la nataci\u00f3n de aguas abiertas y un motor importante para la econom\u00eda local. El certamen se llevar\u00e1 a cabo el pr\u00f3ximo s\u00e1bado [&hellip;]<\/p>\n","protected":false},"author":2476,"featured_media":68335,"comment_status":"open","ping_status":"open","sticky":false,"template":"","format":"standard","meta":{"_jetpack_memberships_contains_paid_content":false,"footnotes":""},"categories":[2],"tags":[],"class_list":["post-68334","post","type-post","status-publish","format-standard","has-post-thumbnail","hentry","category-estado"],"jetpack_featured_media_url":"https:\/\/encuentroinformativo.com.mx\/wp-content\/uploads\/2025\/06\/IMG-20250611-WA02302.jpg","jetpack_sharing_enabled":true,"jetpack_likes_enabled":true,"amp_enabled":true,"_links":{"self":[{"href":"https:\/\/encuentroinformativo.com.mx\/index.php?rest_route=\/wp\/v2\/posts\/68334","targetHints":{"allow":["GET"]}}],"collection":[{"href":"https:\/\/encuentroinformativo.com.mx\/index.php?rest_route=\/wp\/v2\/posts"}],"about":[{"href":"https:\/\/encuentroinformativo.com.mx\/index.php?rest_route=\/wp\/v2\/types\/post"}],"author":[{"embeddable":true,"href":"https:\/\/encuentroinformativo.com.mx\/index.php?rest_route=\/wp\/v2\/users\/2476"}],"replies":[{"embeddable":true,"href":"https:\/\/encuentroinformativo.com.mx\/index.php?rest_route=%2Fwp%2Fv2%2Fcomments&post=68334"}],"version-history":[{"count":1,"href":"https:\/\/encuentroinformativo.com.mx\/index.php?rest_route=\/wp\/v2\/posts\/68334\/revisions"}],"predecessor-version":[{"id":68336,"href":"https:\/\/encuentroinformativo.com.mx\/index.php?rest_route=\/wp\/v2\/posts\/68334\/revisions\/68336"}],"wp:featuredmedia":[{"embeddable":true,"href":"https:\/\/encuentroinformativo.com.mx\/index.php?rest_route=\/wp\/v2\/media\/68335"}],"wp:attachment":[{"href":"https:\/\/encuentroinformativo.com.mx\/index.php?rest_route=%2Fwp%2Fv2%2Fmedia&parent=68334"}],"wp:term":[{"taxonomy":"category","embeddable":true,"href":"https:\/\/encuentroinformativo.com.mx\/index.php?rest_route=%2Fwp%2Fv2%2Fcategories&post=68334"},{"taxonomy":"post_tag","embeddable":true,"href":"https:\/\/encuentroinformativo.com.mx\/index.php?rest_route=%2Fwp%2Fv2%2Ftags&post=68334"}],"curies":[{"name":"wp","href":"https:\/\/api.w.org\/{rel}","templated":true}]}}