{"id":68337,"date":"2025-06-11T14:54:20","date_gmt":"2025-06-11T20:54:20","guid":{"rendered":"https:\/\/encuentroinformativo.com.mx\/?p=68337"},"modified":"2025-06-11T14:54:20","modified_gmt":"2025-06-11T20:54:20","slug":"sin-clases-de-forma-indefinida-en-esbao-de-cordoba","status":"publish","type":"post","link":"https:\/\/encuentroinformativo.com.mx\/?p=68337","title":{"rendered":"Sin clases de forma indefinida en ESBAO de C\u00f3rdoba"},"content":{"rendered":"<p><strong>Alejandro \u00c1vila<\/strong><\/p>\n<p>C\u00f3rdoba, Ver.- De forma indefinida no habr\u00e1 clases en la Escuela Secundaria y de Bachilleres Artes y Oficios (ESBAO) de C\u00f3rdoba, informaron docentes y padres de familia que mantienen tomada la instituci\u00f3n educativa debido al cese de la directora, Ang\u00e9lica Lluvia Medina S\u00e1nchez.<\/p>\n<p>Los quejosos se\u00f1alaron que les fue informada el domingo pasado a trav\u00e9s de WhatsApp la destituci\u00f3n de la directora y, se\u00f1alaron, que este no es el proceso administrativo que se debe seguir cuando cesan de un cargo a un docente; adem\u00e1s, dijeron est\u00e1r en contra de la persona que las quieren imponer como nuevo director, pues aseguran debe ser personal de la plantilla ya existente qui\u00e9n pueda ser nominado a dicho puesto, conforme a los lineamientos de la Unidad del Sistema para la Carrera de las Maestras y Maestros (USICAMM).<\/p>\n<p>&#8220;El pr\u00f3ximo encargado no pertenece a nuestra comunidad educativa y desconoce los proyectos en marcha. Con ella gestion\u00e1bamos talleres culturales y becas que beneficiaban directamente a los estudiantes&#8221;, explic\u00f3 un padre de familia presente en el plantel.<\/p>\n","protected":false},"excerpt":{"rendered":"<p>Alejandro \u00c1vila C\u00f3rdoba, Ver.- De forma indefinida no habr\u00e1 clases en la Escuela Secundaria y de Bachilleres Artes y Oficios (ESBAO) de C\u00f3rdoba, informaron docentes y padres de familia que mantienen tomada la instituci\u00f3n educativa debido al cese de la directora, Ang\u00e9lica Lluvia Medina S\u00e1nchez. Los quejosos se\u00f1alaron que les fue informada el domingo pasado [&hellip;]<\/p>\n","protected":false},"author":2476,"featured_media":68338,"comment_status":"open","ping_status":"open","sticky":false,"template":"","format":"standard","meta":{"_jetpack_memberships_contains_paid_content":false,"footnotes":""},"categories":[2],"tags":[],"class_list":["post-68337","post","type-post","status-publish","format-standard","has-post-thumbnail","hentry","category-estado"],"jetpack_featured_media_url":"https:\/\/encuentroinformativo.com.mx\/wp-content\/uploads\/2025\/06\/IMG-20250611-WA0245.jpg","jetpack_sharing_enabled":true,"jetpack_likes_enabled":true,"amp_enabled":true,"_links":{"self":[{"href":"https:\/\/encuentroinformativo.com.mx\/index.php?rest_route=\/wp\/v2\/posts\/68337","targetHints":{"allow":["GET"]}}],"collection":[{"href":"https:\/\/encuentroinformativo.com.mx\/index.php?rest_route=\/wp\/v2\/posts"}],"about":[{"href":"https:\/\/encuentroinformativo.com.mx\/index.php?rest_route=\/wp\/v2\/types\/post"}],"author":[{"embeddable":true,"href":"https:\/\/encuentroinformativo.com.mx\/index.php?rest_route=\/wp\/v2\/users\/2476"}],"replies":[{"embeddable":true,"href":"https:\/\/encuentroinformativo.com.mx\/index.php?rest_route=%2Fwp%2Fv2%2Fcomments&post=68337"}],"version-history":[{"count":1,"href":"https:\/\/encuentroinformativo.com.mx\/index.php?rest_route=\/wp\/v2\/posts\/68337\/revisions"}],"predecessor-version":[{"id":68339,"href":"https:\/\/encuentroinformativo.com.mx\/index.php?rest_route=\/wp\/v2\/posts\/68337\/revisions\/68339"}],"wp:featuredmedia":[{"embeddable":true,"href":"https:\/\/encuentroinformativo.com.mx\/index.php?rest_route=\/wp\/v2\/media\/68338"}],"wp:attachment":[{"href":"https:\/\/encuentroinformativo.com.mx\/index.php?rest_route=%2Fwp%2Fv2%2Fmedia&parent=68337"}],"wp:term":[{"taxonomy":"category","embeddable":true,"href":"https:\/\/encuentroinformativo.com.mx\/index.php?rest_route=%2Fwp%2Fv2%2Fcategories&post=68337"},{"taxonomy":"post_tag","embeddable":true,"href":"https:\/\/encuentroinformativo.com.mx\/index.php?rest_route=%2Fwp%2Fv2%2Ftags&post=68337"}],"curies":[{"name":"wp","href":"https:\/\/api.w.org\/{rel}","templated":true}]}}