{"id":68349,"date":"2025-06-11T16:13:37","date_gmt":"2025-06-11T22:13:37","guid":{"rendered":"https:\/\/encuentroinformativo.com.mx\/?p=68349"},"modified":"2025-06-11T16:13:37","modified_gmt":"2025-06-11T22:13:37","slug":"madres-de-menores-detenidos-por-hechos-en-texistepec-piden-ayuda-a-la-gobernadora","status":"publish","type":"post","link":"https:\/\/encuentroinformativo.com.mx\/?p=68349","title":{"rendered":"Madres de menores detenidos por hechos en Texistepec piden ayuda a la gobernadora\u00a0"},"content":{"rendered":"<p><strong>Alejandro \u00c1vila<\/strong><\/p>\n<p>Veracruz, Ver.- Las madres de dos menores de edad que se encuentran detenidos por los presuntos delitos cometidos en el municipio de Texistepec, piden la ayuda de la gobernadora, Roc\u00edo Nahle Garc\u00eda, ante severas violaci\u00f3n a sus derechos humanos.<\/p>\n<p>Los j\u00f3venes Miguel \u00c1ngel F. P., de 15 a\u00f1os, y Octavio M. S., de 17 a\u00f1os de edad, fueron detenidos el pasado 3 de mayo en la ex minera del municipio de Texistepec. Seg\u00fan sus madres, ambos hab\u00edan sido invitados a participar en un mitin pol\u00edtico, sin embargo fueron victimas de una emboscada organizada por Domingo \u201cN\u201d.<\/p>\n<p>La se\u00f1ora Mar\u00eda Judith Pacheco Mendoza, madre de uno de ellos, cuenta que tras la toma de las instalaciones en Texistepec, a los menores de edad se les violaron sus derechos humanos en repetidas ocasiones.<\/p>\n<p>Narra que tras la detenci\u00f3n fueron llevados de un lugar a otro y que con enga\u00f1os o falsas promesas, ahora est\u00e1n en el Centro de Internamiento Especial para Menores, en Palma Sola, por dos delitos: el primero lesiones; sin embargo el segundo delito lo desconocen, ya que no han podido tener una defensa digna.<\/p>\n<p>Una vez detenidos, las madres hablaron con la Fiscal, Alma Elena Mariche para tratar de explicar la situaci\u00f3n y buscar defender la inocencia de sus hijos, por lo que les dijeron que estos ser\u00edan enviados a un centro de rehabilitaci\u00f3n de adicciones, por \u00f3rdenes de la Fiscal\u00eda, ah\u00ed estar\u00edan un tiempo para ser \u201cprotegidos\u201d y despu\u00e9s quedar\u00edan en libertad.<\/p>\n<p>\u201cLa fiscal nos dijo que los iba a resguardar ah\u00ed. El d\u00eda 6 -de mayo- en la ma\u00f1ana nos dijo que los iban a trasladar al anexo y que necesitaba que firm\u00e1ramos un papel de autorizaci\u00f3n de nosotras (las madres) y fuimos, fuimos con ellos al anexo en la camioneta donde los llevaban.<\/p>\n<p>Llegamos al anexo con el licenciado (el defensor p\u00fablico) y ya se metieron all\u00e1, firmamos. El licenciado dijo que los mand\u00f3 la fiscal Alma Elena Mariche y ah\u00ed quedaron resguardados\u201d.<\/p>\n<p>As\u00ed fue como los menores quedaron recluidos en el anexo \u201cGuerreros de Vida\u201d, ubicado en la ciudad de Coatzacoalcos, hasta el d\u00eda 11 de mayo que el director de dicho lugar les llam\u00f3 para alertarlas de que sus hijos hab\u00edan sido llevados del lugar con una orden de aprehensi\u00f3n.<\/p>\n<p>Hasta el momento desconocen el motivo por el cual fueron llevados, sin embargo saben por dichos de su abogado que la Fiscal\u00eda estaba buscando presuntamente responsabilizarlos por el asesinato de la candidata de Morena a la alcald\u00eda de Texistepec, Yesenia Lara, el mismo d\u00eda que fueron llevados a Palma Sola.<\/p>\n<p>Las madres suplican la intervenci\u00f3n de la gobernadora ya que no cuentan con los recursos para seguir luchando por la libertad de sus hijos, ya que dejaron sus empleos para mudarse temporalmente cerca de ellos y este mes incluso no tienen para pagar la renta, adem\u00e1s de que el abogado les habr\u00eda pedido 35 mil pesos.<\/p>\n","protected":false},"excerpt":{"rendered":"<p>Alejandro \u00c1vila Veracruz, Ver.- Las madres de dos menores de edad que se encuentran detenidos por los presuntos delitos cometidos en el municipio de Texistepec, piden la ayuda de la gobernadora, Roc\u00edo Nahle Garc\u00eda, ante severas violaci\u00f3n a sus derechos humanos. Los j\u00f3venes Miguel \u00c1ngel F. P., de 15 a\u00f1os, y Octavio M. S., de [&hellip;]<\/p>\n","protected":false},"author":2476,"featured_media":68350,"comment_status":"open","ping_status":"open","sticky":false,"template":"","format":"standard","meta":{"_jetpack_memberships_contains_paid_content":false,"footnotes":""},"categories":[14],"tags":[],"class_list":["post-68349","post","type-post","status-publish","format-standard","has-post-thumbnail","hentry","category-policiaca"],"jetpack_featured_media_url":"https:\/\/encuentroinformativo.com.mx\/wp-content\/uploads\/2025\/06\/IMG-20250611-WA0285.jpg","jetpack_sharing_enabled":true,"jetpack_likes_enabled":true,"amp_enabled":true,"_links":{"self":[{"href":"https:\/\/encuentroinformativo.com.mx\/index.php?rest_route=\/wp\/v2\/posts\/68349","targetHints":{"allow":["GET"]}}],"collection":[{"href":"https:\/\/encuentroinformativo.com.mx\/index.php?rest_route=\/wp\/v2\/posts"}],"about":[{"href":"https:\/\/encuentroinformativo.com.mx\/index.php?rest_route=\/wp\/v2\/types\/post"}],"author":[{"embeddable":true,"href":"https:\/\/encuentroinformativo.com.mx\/index.php?rest_route=\/wp\/v2\/users\/2476"}],"replies":[{"embeddable":true,"href":"https:\/\/encuentroinformativo.com.mx\/index.php?rest_route=%2Fwp%2Fv2%2Fcomments&post=68349"}],"version-history":[{"count":1,"href":"https:\/\/encuentroinformativo.com.mx\/index.php?rest_route=\/wp\/v2\/posts\/68349\/revisions"}],"predecessor-version":[{"id":68351,"href":"https:\/\/encuentroinformativo.com.mx\/index.php?rest_route=\/wp\/v2\/posts\/68349\/revisions\/68351"}],"wp:featuredmedia":[{"embeddable":true,"href":"https:\/\/encuentroinformativo.com.mx\/index.php?rest_route=\/wp\/v2\/media\/68350"}],"wp:attachment":[{"href":"https:\/\/encuentroinformativo.com.mx\/index.php?rest_route=%2Fwp%2Fv2%2Fmedia&parent=68349"}],"wp:term":[{"taxonomy":"category","embeddable":true,"href":"https:\/\/encuentroinformativo.com.mx\/index.php?rest_route=%2Fwp%2Fv2%2Fcategories&post=68349"},{"taxonomy":"post_tag","embeddable":true,"href":"https:\/\/encuentroinformativo.com.mx\/index.php?rest_route=%2Fwp%2Fv2%2Ftags&post=68349"}],"curies":[{"name":"wp","href":"https:\/\/api.w.org\/{rel}","templated":true}]}}