{"id":68357,"date":"2025-06-11T17:56:10","date_gmt":"2025-06-11T23:56:10","guid":{"rendered":"https:\/\/encuentroinformativo.com.mx\/?p=68357"},"modified":"2025-06-11T17:56:34","modified_gmt":"2025-06-11T23:56:34","slug":"condenan-a-cinco-marinos-por-desaparicion-forzada-en-coatzacoalcos","status":"publish","type":"post","link":"https:\/\/encuentroinformativo.com.mx\/?p=68357","title":{"rendered":"Condenan a cinco marinos por desaparici\u00f3n forzada en Coatzacoalcos"},"content":{"rendered":"<p><strong>* Una sentencia hist\u00f3rica tras una d\u00e9cada de lucha.<\/strong><\/p>\n<p><strong>Jos\u00e9 Vargas<\/strong><\/p>\n<p>Coatzacoalcos, Ver.- Diez a\u00f1os despu\u00e9s de la desaparici\u00f3n forzada de Jacob Vicente Jim\u00e9nez Gonz\u00e1lez, el sistema judicial mexicano emiti\u00f3 una sentencia hist\u00f3rica. El Juzgado Decimocuarto de Distrito en el estado de Veracruz conden\u00f3 a 40 a\u00f1os de prisi\u00f3n a cinco elementos de la Secretar\u00eda de Marina, quienes participaron en el crimen ocurrido el 25 de septiembre de 2015 en el municipio de Coatzacoalcos. Se trata de Feliciano N, An\u00e1huac N, H\u00e9ctor Emanuel N, Miguel \u00c1ngel N y Pedro Iv\u00e1n N, todos sentenciados por su responsabilidad en uno de los casos m\u00e1s emblem\u00e1ticos de desaparici\u00f3n forzada en el sur de Veracruz.<\/p>\n<p>Jacob, un joven taxista de 27 a\u00f1os, fue detenido arbitrariamente junto con tres personas m\u00e1s por elementos de la Marina durante un operativo de seguridad en la colonia Villas del Sur. Desde entonces, no se ha vuelto a saber de su paradero. Su caso ocurri\u00f3 en el contexto del operativo denominado \u201cBlindaje Coatzacoalcos\u201d, lanzado el 26 de mayo de 2014 por el entonces gobernador Javier Duarte de Ochoa. Este despliegue militar y policial involucr\u00f3 a fuerzas federales, estatales y municipales, y deriv\u00f3 en m\u00faltiples denuncias por violaciones graves a derechos humanos, incluyendo al menos 30 desapariciones forzadas en la regi\u00f3n.<\/p>\n<p>La sentencia del juez federal no solo representa una condena penal, sino tambi\u00e9n una medida de justicia que trasciende lo jur\u00eddico. El fallo establece que la Fiscal\u00eda General de la Rep\u00fablica, a trav\u00e9s de su Fiscal\u00eda Especializada en Delitos de Desaparici\u00f3n Forzada, debe continuar de forma inmediata y efectiva con la b\u00fasqueda de Jacob. Asimismo, ordena a la Comisi\u00f3n Ejecutiva de Atenci\u00f3n a V\u00edctimas brindar atenci\u00f3n psicol\u00f3gica y psiqui\u00e1trica especializada a su familia, adem\u00e1s de indemnizaci\u00f3n por da\u00f1o material e inmaterial en un plazo no mayor a un a\u00f1o.<\/p>\n<p>Por si fuera poco, el fallo exige tambi\u00e9n una respuesta institucional a la altura de los agravios cometidos: las tres corporaciones involucradas en el operativo \u2014la Fuerza Civil, la Secretar\u00eda de Seguridad P\u00fablica del estado y la Polic\u00eda Naval\u2014 deber\u00e1n realizar un acto p\u00fablico de reconocimiento de responsabilidad como garant\u00eda de no repetici\u00f3n. La decisi\u00f3n judicial tiene un car\u00e1cter ejemplar, no s\u00f3lo por castigar a miembros de las fuerzas armadas, sino por obligar al Estado a reconocer su responsabilidad estructural en estos cr\u00edmenes.<\/p>\n<p>El caso de Jacob Vicente ha sido seguido durante a\u00f1os por organismos nacionales e internacionales. En 2022, la Comisi\u00f3n Nacional de los Derechos Humanos emiti\u00f3 una recomendaci\u00f3n formal dirigida a la Secretar\u00eda de Marina, que fue rechazada por la instituci\u00f3n. Paralelamente, el Comit\u00e9 contra la Desaparici\u00f3n Forzada de la ONU emiti\u00f3 una acci\u00f3n urgente para exigir al Estado mexicano medidas efectivas de b\u00fasqueda y justicia. La detenci\u00f3n de los marinos involucrados, ocurrida tambi\u00e9n en 2022, fue resultado de una orden de aprehensi\u00f3n obtenida por la Fiscal\u00eda General de la Rep\u00fablica tras a\u00f1os de inacci\u00f3n por parte de instancias locales.<\/p>\n<p>El fallo conocido esta semana no borra el dolor de una familia que ha caminado una d\u00e9cada entre el silencio institucional, la revictimizaci\u00f3n y la ausencia absoluta de respuestas. Sin embargo, representa un parteaguas para los procesos de verdad y justicia en Veracruz, uno de los estados con mayores cifras de desapariciones del pa\u00eds. Por primera vez, una corte federal ha sentenciado a miembros activos de la Marina por su participaci\u00f3n directa en una desaparici\u00f3n forzada.<\/p>\n<p>Para los familiares de Jacob y los colectivos de b\u00fasqueda que los han acompa\u00f1ado, esta sentencia no es el cierre de un ciclo, sino una promesa pendiente de cumplimiento: que el Estado no s\u00f3lo castigue, sino que repare, busque y garantice que jam\u00e1s se repita.<\/p>\n","protected":false},"excerpt":{"rendered":"<p>* Una sentencia hist\u00f3rica tras una d\u00e9cada de lucha. Jos\u00e9 Vargas Coatzacoalcos, Ver.- Diez a\u00f1os despu\u00e9s de la desaparici\u00f3n forzada de Jacob Vicente Jim\u00e9nez Gonz\u00e1lez, el sistema judicial mexicano emiti\u00f3 una sentencia hist\u00f3rica. El Juzgado Decimocuarto de Distrito en el estado de Veracruz conden\u00f3 a 40 a\u00f1os de prisi\u00f3n a cinco elementos de la Secretar\u00eda [&hellip;]<\/p>\n","protected":false},"author":2476,"featured_media":68358,"comment_status":"open","ping_status":"open","sticky":false,"template":"","format":"standard","meta":{"_jetpack_memberships_contains_paid_content":false,"footnotes":""},"categories":[2],"tags":[],"class_list":["post-68357","post","type-post","status-publish","format-standard","has-post-thumbnail","hentry","category-estado"],"jetpack_featured_media_url":"https:\/\/encuentroinformativo.com.mx\/wp-content\/uploads\/2025\/06\/IMG-20250611-WA0208.jpg","jetpack_sharing_enabled":true,"jetpack_likes_enabled":true,"amp_enabled":true,"_links":{"self":[{"href":"https:\/\/encuentroinformativo.com.mx\/index.php?rest_route=\/wp\/v2\/posts\/68357","targetHints":{"allow":["GET"]}}],"collection":[{"href":"https:\/\/encuentroinformativo.com.mx\/index.php?rest_route=\/wp\/v2\/posts"}],"about":[{"href":"https:\/\/encuentroinformativo.com.mx\/index.php?rest_route=\/wp\/v2\/types\/post"}],"author":[{"embeddable":true,"href":"https:\/\/encuentroinformativo.com.mx\/index.php?rest_route=\/wp\/v2\/users\/2476"}],"replies":[{"embeddable":true,"href":"https:\/\/encuentroinformativo.com.mx\/index.php?rest_route=%2Fwp%2Fv2%2Fcomments&post=68357"}],"version-history":[{"count":1,"href":"https:\/\/encuentroinformativo.com.mx\/index.php?rest_route=\/wp\/v2\/posts\/68357\/revisions"}],"predecessor-version":[{"id":68359,"href":"https:\/\/encuentroinformativo.com.mx\/index.php?rest_route=\/wp\/v2\/posts\/68357\/revisions\/68359"}],"wp:featuredmedia":[{"embeddable":true,"href":"https:\/\/encuentroinformativo.com.mx\/index.php?rest_route=\/wp\/v2\/media\/68358"}],"wp:attachment":[{"href":"https:\/\/encuentroinformativo.com.mx\/index.php?rest_route=%2Fwp%2Fv2%2Fmedia&parent=68357"}],"wp:term":[{"taxonomy":"category","embeddable":true,"href":"https:\/\/encuentroinformativo.com.mx\/index.php?rest_route=%2Fwp%2Fv2%2Fcategories&post=68357"},{"taxonomy":"post_tag","embeddable":true,"href":"https:\/\/encuentroinformativo.com.mx\/index.php?rest_route=%2Fwp%2Fv2%2Ftags&post=68357"}],"curies":[{"name":"wp","href":"https:\/\/api.w.org\/{rel}","templated":true}]}}