{"id":68372,"date":"2025-06-12T10:26:27","date_gmt":"2025-06-12T16:26:27","guid":{"rendered":"https:\/\/encuentroinformativo.com.mx\/?p=68372"},"modified":"2025-06-12T10:26:27","modified_gmt":"2025-06-12T16:26:27","slug":"secuestran-a-cardiologo-en-coatzacoalcos","status":"publish","type":"post","link":"https:\/\/encuentroinformativo.com.mx\/?p=68372","title":{"rendered":"Secuestran a cardi\u00f3logo en Coatzacoalcos"},"content":{"rendered":"<p><strong>Jos\u00e9 Vargas<\/strong><\/p>\n<p>Coatzacoalcos, Ver.- La ciudad vivi\u00f3 un fuerte rev\u00e9s en materia de seguridad luego de que un comando armado irrumpiera en un consultorio privado y se llevara por la fuerza al cardi\u00f3logo E.C.C., identificado como el m\u00e9dico personal de la gobernadora Roc\u00edo Nahle. El hecho tuvo lugar en la cl\u00ednica Medi Coatza, ubicada en la esquina de Quevedo y Guerrero.<\/p>\n<p>Seg\u00fan testimonios extraoficiales, los agresores lo enca\u00f1onaron dentro del consultorio y se lo llevaron a bordo de una camioneta blanca. Debido a la naturaleza del caso, agentes federales procedieron a acordonar las calles Guerrero y Bellavista en busca de m\u00e1s pistas. Hasta ahora, el rescate tiene un alto precio: los secuestradores exigen 5 millones de pesos para su liberaci\u00f3n.<\/p>\n<p>Este secuestro representa un duro golpe a la percepci\u00f3n de seguridad, pues Coatzacoalcos acumulaba m\u00e1s de dos a\u00f1os sin un caso similar, rompiendo as\u00ed una racha positivamente destacada por autoridades y organismos de vigilancia \ufffc. Recientemente se registraron operativos federales contra el crimen organizado en la ciudad, como uno por parte de la Agencia de Inteligencia Criminal (AIC) de la FGR, mecanismo que, sin embargo, no alcanz\u00f3 a impedir este ataque.<\/p>\n<p>El incidente se produce apenas d\u00edas despu\u00e9s de un enfrentamiento armado entre polic\u00edas federales y presuntos sicarios en las calles Guerrero y Guti\u00e9rrez Zamora, lo que evidencia una escalada delictiva alarmante .<\/p>\n<p>Tambi\u00e9n recientemente se instal\u00f3 una recompensa para capturar a Abraham Morales Trinidad, alias \u201cEl Doble Cero\u201d, figura emblem\u00e1tica del CJNG en la regi\u00f3n, lo que a\u00f1ade tensi\u00f3n al entorno de seguridad local .<\/p>\n<p>Hasta ahora, ninguna autoridad ha emitido un posicionamiento oficial sobre las investigaciones en curso ni las acciones de rescate, aunque las pesquisas ya est\u00e1n en manos de la Fiscal\u00eda General de la Rep\u00fablica (FGR) junto con la Unidad Especializada en Combate al Secuestro.<\/p>\n<p>La ciudad permanece en alerta. Las expectativas apuntan a que la r\u00e1pida respuesta de la FGR, junto con la presi\u00f3n de la opini\u00f3n p\u00fablica, sea determinante para la pronta localizaci\u00f3n y liberaci\u00f3n del m\u00e9dico, as\u00ed como para frenar el aumento de violencia que parece recorrer la regi\u00f3n.<\/p>\n","protected":false},"excerpt":{"rendered":"<p>Jos\u00e9 Vargas Coatzacoalcos, Ver.- La ciudad vivi\u00f3 un fuerte rev\u00e9s en materia de seguridad luego de que un comando armado irrumpiera en un consultorio privado y se llevara por la fuerza al cardi\u00f3logo E.C.C., identificado como el m\u00e9dico personal de la gobernadora Roc\u00edo Nahle. El hecho tuvo lugar en la cl\u00ednica Medi Coatza, ubicada en [&hellip;]<\/p>\n","protected":false},"author":2476,"featured_media":68373,"comment_status":"open","ping_status":"open","sticky":false,"template":"","format":"standard","meta":{"_jetpack_memberships_contains_paid_content":false,"footnotes":""},"categories":[14],"tags":[],"class_list":["post-68372","post","type-post","status-publish","format-standard","has-post-thumbnail","hentry","category-policiaca"],"jetpack_featured_media_url":"https:\/\/encuentroinformativo.com.mx\/wp-content\/uploads\/2025\/06\/IMG-20250612-WA00222.jpg","jetpack_sharing_enabled":true,"jetpack_likes_enabled":true,"amp_enabled":true,"_links":{"self":[{"href":"https:\/\/encuentroinformativo.com.mx\/index.php?rest_route=\/wp\/v2\/posts\/68372","targetHints":{"allow":["GET"]}}],"collection":[{"href":"https:\/\/encuentroinformativo.com.mx\/index.php?rest_route=\/wp\/v2\/posts"}],"about":[{"href":"https:\/\/encuentroinformativo.com.mx\/index.php?rest_route=\/wp\/v2\/types\/post"}],"author":[{"embeddable":true,"href":"https:\/\/encuentroinformativo.com.mx\/index.php?rest_route=\/wp\/v2\/users\/2476"}],"replies":[{"embeddable":true,"href":"https:\/\/encuentroinformativo.com.mx\/index.php?rest_route=%2Fwp%2Fv2%2Fcomments&post=68372"}],"version-history":[{"count":1,"href":"https:\/\/encuentroinformativo.com.mx\/index.php?rest_route=\/wp\/v2\/posts\/68372\/revisions"}],"predecessor-version":[{"id":68374,"href":"https:\/\/encuentroinformativo.com.mx\/index.php?rest_route=\/wp\/v2\/posts\/68372\/revisions\/68374"}],"wp:featuredmedia":[{"embeddable":true,"href":"https:\/\/encuentroinformativo.com.mx\/index.php?rest_route=\/wp\/v2\/media\/68373"}],"wp:attachment":[{"href":"https:\/\/encuentroinformativo.com.mx\/index.php?rest_route=%2Fwp%2Fv2%2Fmedia&parent=68372"}],"wp:term":[{"taxonomy":"category","embeddable":true,"href":"https:\/\/encuentroinformativo.com.mx\/index.php?rest_route=%2Fwp%2Fv2%2Fcategories&post=68372"},{"taxonomy":"post_tag","embeddable":true,"href":"https:\/\/encuentroinformativo.com.mx\/index.php?rest_route=%2Fwp%2Fv2%2Ftags&post=68372"}],"curies":[{"name":"wp","href":"https:\/\/api.w.org\/{rel}","templated":true}]}}