{"id":68375,"date":"2025-06-12T10:49:48","date_gmt":"2025-06-12T16:49:48","guid":{"rendered":"https:\/\/encuentroinformativo.com.mx\/?p=68375"},"modified":"2025-06-13T16:10:32","modified_gmt":"2025-06-13T22:10:32","slug":"denuncian-robos-a-plena-luz-del-dia-en-fraccionamiento-de-veracruz-puerto","status":"publish","type":"post","link":"https:\/\/encuentroinformativo.com.mx\/?p=68375","title":{"rendered":"Denuncian robos a plena luz del d\u00eda en fraccionamiento de Veracruz puerto"},"content":{"rendered":"<p><strong>Alejandro \u00c1vila<\/strong><\/p>\n<p>Veracruz, Ver.- A trav\u00e9s de redes sociales la ciudadana, Karla Rend\u00f3n, mostr\u00f3 videos donde se aprecia a un sujeto ingresando a su vivienda y robando material para la construcci\u00f3n.<\/p>\n<p>Los hechos ocurrieron el domingo 8 de junio alrededor de las 14:30 horas, en la avenida Floresta Oriente entre la calle Naranjo y Manzano del fraccionamiento Floresta.<\/p>\n<p>El ladr\u00f3n sustrajo de la vivienda una escalera met\u00e1lica, un taladro, una pulidora y una manguera de gas LP, aunque su rostro qued\u00f3 registrado en las c\u00e1maras de videovigilancia hasta el momento no se ha podido dar con su paradero, por lo cual se pide la ayuda de la ciudadan\u00eda.<\/p>\n<p>Karla Rendon, mencion\u00f3 que en los grupos de WhatsApp que se tienen del fraccionamiento se ha informado del aumento de la actividad delictiva en la zona durante las \u00faltimas semanas.<\/p>\n<p>Lo alarmante de la situaci\u00f3n es que ahora ingresan a las viviendas para despojar a los ciudadanos de sus pertenencias a plena luz del d\u00eda y con total impunidad, por lo cual solicitan el apoyo de las corporaciones policiales para brindar mayor seguridad en la zona.<\/p>\n","protected":false},"excerpt":{"rendered":"<p>Alejandro \u00c1vila Veracruz, Ver.- A trav\u00e9s de redes sociales la ciudadana, Karla Rend\u00f3n, mostr\u00f3 videos donde se aprecia a un sujeto ingresando a su vivienda y robando material para la construcci\u00f3n. Los hechos ocurrieron el domingo 8 de junio alrededor de las 14:30 horas, en la avenida Floresta Oriente entre la calle Naranjo y Manzano [&hellip;]<\/p>\n","protected":false},"author":2476,"featured_media":68376,"comment_status":"open","ping_status":"open","sticky":false,"template":"","format":"standard","meta":{"_jetpack_memberships_contains_paid_content":false,"footnotes":""},"categories":[2],"tags":[],"class_list":["post-68375","post","type-post","status-publish","format-standard","has-post-thumbnail","hentry","category-estado"],"jetpack_featured_media_url":"https:\/\/encuentroinformativo.com.mx\/wp-content\/uploads\/2025\/06\/Point-Blur_Jun122025_102943.jpg","jetpack_sharing_enabled":true,"jetpack_likes_enabled":true,"amp_enabled":true,"_links":{"self":[{"href":"https:\/\/encuentroinformativo.com.mx\/index.php?rest_route=\/wp\/v2\/posts\/68375","targetHints":{"allow":["GET"]}}],"collection":[{"href":"https:\/\/encuentroinformativo.com.mx\/index.php?rest_route=\/wp\/v2\/posts"}],"about":[{"href":"https:\/\/encuentroinformativo.com.mx\/index.php?rest_route=\/wp\/v2\/types\/post"}],"author":[{"embeddable":true,"href":"https:\/\/encuentroinformativo.com.mx\/index.php?rest_route=\/wp\/v2\/users\/2476"}],"replies":[{"embeddable":true,"href":"https:\/\/encuentroinformativo.com.mx\/index.php?rest_route=%2Fwp%2Fv2%2Fcomments&post=68375"}],"version-history":[{"count":1,"href":"https:\/\/encuentroinformativo.com.mx\/index.php?rest_route=\/wp\/v2\/posts\/68375\/revisions"}],"predecessor-version":[{"id":68377,"href":"https:\/\/encuentroinformativo.com.mx\/index.php?rest_route=\/wp\/v2\/posts\/68375\/revisions\/68377"}],"wp:featuredmedia":[{"embeddable":true,"href":"https:\/\/encuentroinformativo.com.mx\/index.php?rest_route=\/wp\/v2\/media\/68376"}],"wp:attachment":[{"href":"https:\/\/encuentroinformativo.com.mx\/index.php?rest_route=%2Fwp%2Fv2%2Fmedia&parent=68375"}],"wp:term":[{"taxonomy":"category","embeddable":true,"href":"https:\/\/encuentroinformativo.com.mx\/index.php?rest_route=%2Fwp%2Fv2%2Fcategories&post=68375"},{"taxonomy":"post_tag","embeddable":true,"href":"https:\/\/encuentroinformativo.com.mx\/index.php?rest_route=%2Fwp%2Fv2%2Ftags&post=68375"}],"curies":[{"name":"wp","href":"https:\/\/api.w.org\/{rel}","templated":true}]}}