{"id":68385,"date":"2025-06-12T12:32:05","date_gmt":"2025-06-12T18:32:05","guid":{"rendered":"https:\/\/encuentroinformativo.com.mx\/?p=68385"},"modified":"2025-06-12T12:32:05","modified_gmt":"2025-06-12T18:32:05","slug":"se-licitaron-obras-para-mejorar-carreteras-en-zona-de-martinez-de-la-torre-nahle","status":"publish","type":"post","link":"https:\/\/encuentroinformativo.com.mx\/?p=68385","title":{"rendered":"Se licitaron obras para mejorar\u00a0 carreteras en zona de Mart\u00ednez de la Torre: Nahle"},"content":{"rendered":"<p><strong>Dar\u00edo Pale<\/strong><\/p>\n<p>Xalapa, Ver.- Las carreteras que se encuentran en mal estado, ya se est\u00e1n atendiendo, as\u00ed lo indic\u00f3 la gobernadora del Estado Roc\u00edo Nahle Garc\u00eda.<\/p>\n<p>Record\u00f3 que se realiz\u00f3 una manifestaci\u00f3n por parte de pobladores en d\u00edas pasados, la cu\u00e1l dijo, fue muy v\u00e1lida, por lo cual se llev\u00f3 a cabo una licitaci\u00f3n de la cual sali\u00f3 el fallo el d\u00eda martes.<\/p>\n<p>Se\u00f1al\u00f3 que dentro de las manifestaciones se detectaron personajes pol\u00edticos, por lo que se les hizo una manifestaci\u00f3n manejada, pero la demanda real de los pobladores ya se est\u00e1 atendiendo.<\/p>\n<p>Acot\u00f3 que le han informado que ya lleg\u00f3 maquinaria, por lo que ya pidi\u00f3 se trabaje en dar rapidez al proceso ya que se cuentan con todo para realizarlo.<\/p>\n<p>&#8220;Va a ser desde Mart\u00ednez de la Torre, Tlapacoyan hasta Perote, son dos tramos, est\u00e1 muy mal la carretera, y el d\u00eda de ma\u00f1ana estoy en Tuxpan con la CMIC para anunciar de todo lo del norte, ya estuve en Coatzacoalcos la semana pasada, ya anunciamos las licitaciones que salieron est\u00e1 semana, y regreso a Xalapa para anunciar con las empresas&#8221;.<\/p>\n<p>Recalc\u00f3 que la idea es que sean empresas locales y que la derrama econ\u00f3mica se quede aqu\u00ed, pero si no se ajustan los presupuestos y lo que quieren hacer se estar\u00edan buscando m\u00e1s opciones.<\/p>\n<p>En el tema del Salsa Fest, mencion\u00f3 que estar\u00e1 presente ya que es un festival que ha consolidado en Veracruz y ayuda mucho a la derrama econ\u00f3mica en el Estado.<\/p>\n<p>Destac\u00f3 que es un evento que es parte de la cultura y la identidad de Veracruz, parte de lo que son los veracruzanos.<\/p>\n<p>En cuanto a la derrama econ\u00f3mica que se espera no quiso dar cifras y comento que prefiere esperar a que sean los mismos prestadores de servicios quienes indiquen estos datos.<\/p>\n","protected":false},"excerpt":{"rendered":"<p>Dar\u00edo Pale Xalapa, Ver.- Las carreteras que se encuentran en mal estado, ya se est\u00e1n atendiendo, as\u00ed lo indic\u00f3 la gobernadora del Estado Roc\u00edo Nahle Garc\u00eda. Record\u00f3 que se realiz\u00f3 una manifestaci\u00f3n por parte de pobladores en d\u00edas pasados, la cu\u00e1l dijo, fue muy v\u00e1lida, por lo cual se llev\u00f3 a cabo una licitaci\u00f3n de [&hellip;]<\/p>\n","protected":false},"author":2476,"featured_media":68386,"comment_status":"open","ping_status":"open","sticky":false,"template":"","format":"standard","meta":{"_jetpack_memberships_contains_paid_content":false,"footnotes":""},"categories":[2],"tags":[],"class_list":["post-68385","post","type-post","status-publish","format-standard","has-post-thumbnail","hentry","category-estado"],"jetpack_featured_media_url":"https:\/\/encuentroinformativo.com.mx\/wp-content\/uploads\/2025\/06\/IMG_20250612_122928_1300_x_1080_pixel2.jpg","jetpack_sharing_enabled":true,"jetpack_likes_enabled":true,"amp_enabled":true,"_links":{"self":[{"href":"https:\/\/encuentroinformativo.com.mx\/index.php?rest_route=\/wp\/v2\/posts\/68385","targetHints":{"allow":["GET"]}}],"collection":[{"href":"https:\/\/encuentroinformativo.com.mx\/index.php?rest_route=\/wp\/v2\/posts"}],"about":[{"href":"https:\/\/encuentroinformativo.com.mx\/index.php?rest_route=\/wp\/v2\/types\/post"}],"author":[{"embeddable":true,"href":"https:\/\/encuentroinformativo.com.mx\/index.php?rest_route=\/wp\/v2\/users\/2476"}],"replies":[{"embeddable":true,"href":"https:\/\/encuentroinformativo.com.mx\/index.php?rest_route=%2Fwp%2Fv2%2Fcomments&post=68385"}],"version-history":[{"count":1,"href":"https:\/\/encuentroinformativo.com.mx\/index.php?rest_route=\/wp\/v2\/posts\/68385\/revisions"}],"predecessor-version":[{"id":68387,"href":"https:\/\/encuentroinformativo.com.mx\/index.php?rest_route=\/wp\/v2\/posts\/68385\/revisions\/68387"}],"wp:featuredmedia":[{"embeddable":true,"href":"https:\/\/encuentroinformativo.com.mx\/index.php?rest_route=\/wp\/v2\/media\/68386"}],"wp:attachment":[{"href":"https:\/\/encuentroinformativo.com.mx\/index.php?rest_route=%2Fwp%2Fv2%2Fmedia&parent=68385"}],"wp:term":[{"taxonomy":"category","embeddable":true,"href":"https:\/\/encuentroinformativo.com.mx\/index.php?rest_route=%2Fwp%2Fv2%2Fcategories&post=68385"},{"taxonomy":"post_tag","embeddable":true,"href":"https:\/\/encuentroinformativo.com.mx\/index.php?rest_route=%2Fwp%2Fv2%2Ftags&post=68385"}],"curies":[{"name":"wp","href":"https:\/\/api.w.org\/{rel}","templated":true}]}}