{"id":68388,"date":"2025-06-12T12:36:50","date_gmt":"2025-06-12T18:36:50","guid":{"rendered":"https:\/\/encuentroinformativo.com.mx\/?p=68388"},"modified":"2025-06-12T12:36:50","modified_gmt":"2025-06-12T18:36:50","slug":"torre-pediatrica-esta-en-remodelacion","status":"publish","type":"post","link":"https:\/\/encuentroinformativo.com.mx\/?p=68388","title":{"rendered":"Torre Pedi\u00e1trica est\u00e1 en remodelaci\u00f3n\u00a0"},"content":{"rendered":"<p><strong>Alejandro \u00c1vila<\/strong><\/p>\n<p>Veracruz, Ver.- La Secretar\u00eda de Infraestructura y Obra P\u00fablica (SIOP) se encuentra trabajando en la remodelaci\u00f3n de la Torre Pedi\u00e1trica, espec\u00edficamente en los pisos 7 y 8, as\u00ed como en la zona para familiares, confirm\u00f3 la gobernadora, Roc\u00edo Nahle Garc\u00eda.<\/p>\n<p>De la misma manera, la Ejecutiva Estatal manifest\u00f3 que se encuentran surtiendo adecuadamente los medicamentos necesarios para las quimioterapias de los pacientes infantiles de oncolog\u00eda.<\/p>\n<p>&#8220;El piso 7 y 8 qued\u00f3 en obra negra desde el tiempo de Duarte y cuando pasa Miguel \u00c1ngel Yunes, que dijeron que ya no se pod\u00eda porque hab\u00eda da\u00f1o estructural y lo dejaron, nosotros llegamos, mand\u00e9 a personal, ingenieros, no tiene ning\u00fan da\u00f1o estructural y entonces el piso 7 y 8 lo estamos habilitando para que haya m\u00e1s camas para atenci\u00f3n de nuestras ni\u00f1as y ni\u00f1os&#8221;, expres\u00f3.<\/p>\n<p>La gobernadora de Veracruz dijo desconocer la fecha espec\u00edfica en que la rehabilitaci\u00f3n quede al cien por ciento.<\/p>\n<p>&#8220;Yo espero que quede lo m\u00e1s inmediato porque ya nada m\u00e1s es el interior, si viene todo el tema porque hay que meter tuber\u00eda para ox\u00edgeno y gases que es lo que se manejan en los pisos, que eso es lo m\u00e1s tardado, pero lo que sea necesario&#8221;, sentenci\u00f3.<\/p>\n","protected":false},"excerpt":{"rendered":"<p>Alejandro \u00c1vila Veracruz, Ver.- La Secretar\u00eda de Infraestructura y Obra P\u00fablica (SIOP) se encuentra trabajando en la remodelaci\u00f3n de la Torre Pedi\u00e1trica, espec\u00edficamente en los pisos 7 y 8, as\u00ed como en la zona para familiares, confirm\u00f3 la gobernadora, Roc\u00edo Nahle Garc\u00eda. De la misma manera, la Ejecutiva Estatal manifest\u00f3 que se encuentran surtiendo adecuadamente [&hellip;]<\/p>\n","protected":false},"author":2476,"featured_media":68389,"comment_status":"open","ping_status":"open","sticky":false,"template":"","format":"standard","meta":{"_jetpack_memberships_contains_paid_content":false,"footnotes":""},"categories":[9],"tags":[],"class_list":["post-68388","post","type-post","status-publish","format-standard","has-post-thumbnail","hentry","category-salud"],"jetpack_featured_media_url":"https:\/\/encuentroinformativo.com.mx\/wp-content\/uploads\/2025\/06\/IMG-20250612-WA00722.jpg","jetpack_sharing_enabled":true,"jetpack_likes_enabled":true,"amp_enabled":true,"_links":{"self":[{"href":"https:\/\/encuentroinformativo.com.mx\/index.php?rest_route=\/wp\/v2\/posts\/68388","targetHints":{"allow":["GET"]}}],"collection":[{"href":"https:\/\/encuentroinformativo.com.mx\/index.php?rest_route=\/wp\/v2\/posts"}],"about":[{"href":"https:\/\/encuentroinformativo.com.mx\/index.php?rest_route=\/wp\/v2\/types\/post"}],"author":[{"embeddable":true,"href":"https:\/\/encuentroinformativo.com.mx\/index.php?rest_route=\/wp\/v2\/users\/2476"}],"replies":[{"embeddable":true,"href":"https:\/\/encuentroinformativo.com.mx\/index.php?rest_route=%2Fwp%2Fv2%2Fcomments&post=68388"}],"version-history":[{"count":1,"href":"https:\/\/encuentroinformativo.com.mx\/index.php?rest_route=\/wp\/v2\/posts\/68388\/revisions"}],"predecessor-version":[{"id":68390,"href":"https:\/\/encuentroinformativo.com.mx\/index.php?rest_route=\/wp\/v2\/posts\/68388\/revisions\/68390"}],"wp:featuredmedia":[{"embeddable":true,"href":"https:\/\/encuentroinformativo.com.mx\/index.php?rest_route=\/wp\/v2\/media\/68389"}],"wp:attachment":[{"href":"https:\/\/encuentroinformativo.com.mx\/index.php?rest_route=%2Fwp%2Fv2%2Fmedia&parent=68388"}],"wp:term":[{"taxonomy":"category","embeddable":true,"href":"https:\/\/encuentroinformativo.com.mx\/index.php?rest_route=%2Fwp%2Fv2%2Fcategories&post=68388"},{"taxonomy":"post_tag","embeddable":true,"href":"https:\/\/encuentroinformativo.com.mx\/index.php?rest_route=%2Fwp%2Fv2%2Ftags&post=68388"}],"curies":[{"name":"wp","href":"https:\/\/api.w.org\/{rel}","templated":true}]}}