{"id":68391,"date":"2025-06-12T13:32:17","date_gmt":"2025-06-12T19:32:17","guid":{"rendered":"https:\/\/encuentroinformativo.com.mx\/?p=68391"},"modified":"2025-06-12T13:32:17","modified_gmt":"2025-06-12T19:32:17","slug":"descarta-fiscalia-privacion-de-la-libertad-de-medico-en-coatzacoalcos","status":"publish","type":"post","link":"https:\/\/encuentroinformativo.com.mx\/?p=68391","title":{"rendered":"Descarta Fiscal\u00eda privaci\u00f3n de la libertad de m\u00e9dico en Coatzacoalcos\u00a0"},"content":{"rendered":"<p><strong>Jos\u00e9 Vargas<\/strong><\/p>\n<p>Coatzacoalcos, Ver.- La Fiscal\u00eda General del Estado (FGE) de Veracruz inform\u00f3 este mi\u00e9rcoles sobre el caso del m\u00e9dico E.C.C., cardi\u00f3logo de esta ciudad, luego de que medios locales difundieran versiones acerca de una presunta privaci\u00f3n ilegal de su libertad.<\/p>\n<p>En un comunicado oficial, la instituci\u00f3n precis\u00f3 que elementos de la Polic\u00eda Ministerial establecieron contacto con el profesionista, confirmando que se encuentra sano y salvo, y que no se registr\u00f3 ninguna situaci\u00f3n que comprometiera su integridad f\u00edsica o personal.<\/p>\n<p>La intervenci\u00f3n de la FGE se dio en respuesta a reportes que circularon en redes sociales y portales digitales, en los que se se\u00f1alaba la posible desaparici\u00f3n del m\u00e9dico. Sin embargo, con base en las indagatorias preliminares, la autoridad descart\u00f3 que se tratara de un hecho delictivo o que se configurara una privaci\u00f3n ilegal de la libertad.<\/p>\n<p>A pesar de lo anterior, el propio m\u00e9dico no ha emitido ninguna declaraci\u00f3n p\u00fablica que confirme o desmienta las versiones iniciales, por lo que la informaci\u00f3n sigue generando especulaciones en el \u00e1mbito local. Hasta el momento, se desconoce si \u00e9l solicitar\u00e1 o no emitir alg\u00fan pronunciamiento para aclarar su situaci\u00f3n.<\/p>\n<p>La Fiscal\u00eda no detall\u00f3 si existe alguna denuncia formal, ni revel\u00f3 el contexto en el que se generaron las versiones difundidas. Tampoco se ha informado si se mantiene alguna investigaci\u00f3n abierta relacionada con el caso.<\/p>\n<p>El comunicado concluye se\u00f1alando que no hay elementos que indiquen riesgo para la integridad del cardi\u00f3logo, dando por cerrado, al menos de manera oficial, el incidente.<\/p>\n<p>La incertidumbre permanece en tanto no haya una versi\u00f3n directa del profesionista que disipe los rumores generados en redes y medios de comunicaci\u00f3n local.<\/p>\n<p><img loading=\"lazy\" decoding=\"async\" class=\"aligncenter size-medium wp-image-68392\" src=\"https:\/\/encuentroinformativo.com.mx\/wp-content\/uploads\/2025\/06\/IMG-20250612-WA0158-300x212.jpg\" alt=\"\" width=\"300\" height=\"212\" srcset=\"https:\/\/encuentroinformativo.com.mx\/wp-content\/uploads\/2025\/06\/IMG-20250612-WA0158-300x212.jpg 300w, https:\/\/encuentroinformativo.com.mx\/wp-content\/uploads\/2025\/06\/IMG-20250612-WA0158-1024x724.jpg 1024w, https:\/\/encuentroinformativo.com.mx\/wp-content\/uploads\/2025\/06\/IMG-20250612-WA0158-768x543.jpg 768w, https:\/\/encuentroinformativo.com.mx\/wp-content\/uploads\/2025\/06\/IMG-20250612-WA0158.jpg 1170w\" sizes=\"auto, (max-width: 300px) 100vw, 300px\" \/><\/p>\n","protected":false},"excerpt":{"rendered":"<p>Jos\u00e9 Vargas Coatzacoalcos, Ver.- La Fiscal\u00eda General del Estado (FGE) de Veracruz inform\u00f3 este mi\u00e9rcoles sobre el caso del m\u00e9dico E.C.C., cardi\u00f3logo de esta ciudad, luego de que medios locales difundieran versiones acerca de una presunta privaci\u00f3n ilegal de su libertad. En un comunicado oficial, la instituci\u00f3n precis\u00f3 que elementos de la Polic\u00eda Ministerial establecieron [&hellip;]<\/p>\n","protected":false},"author":2476,"featured_media":68392,"comment_status":"open","ping_status":"open","sticky":false,"template":"","format":"standard","meta":{"_jetpack_memberships_contains_paid_content":false,"footnotes":""},"categories":[14],"tags":[],"class_list":["post-68391","post","type-post","status-publish","format-standard","has-post-thumbnail","hentry","category-policiaca"],"jetpack_featured_media_url":"https:\/\/encuentroinformativo.com.mx\/wp-content\/uploads\/2025\/06\/IMG-20250612-WA0158.jpg","jetpack_sharing_enabled":true,"jetpack_likes_enabled":true,"amp_enabled":true,"_links":{"self":[{"href":"https:\/\/encuentroinformativo.com.mx\/index.php?rest_route=\/wp\/v2\/posts\/68391","targetHints":{"allow":["GET"]}}],"collection":[{"href":"https:\/\/encuentroinformativo.com.mx\/index.php?rest_route=\/wp\/v2\/posts"}],"about":[{"href":"https:\/\/encuentroinformativo.com.mx\/index.php?rest_route=\/wp\/v2\/types\/post"}],"author":[{"embeddable":true,"href":"https:\/\/encuentroinformativo.com.mx\/index.php?rest_route=\/wp\/v2\/users\/2476"}],"replies":[{"embeddable":true,"href":"https:\/\/encuentroinformativo.com.mx\/index.php?rest_route=%2Fwp%2Fv2%2Fcomments&post=68391"}],"version-history":[{"count":2,"href":"https:\/\/encuentroinformativo.com.mx\/index.php?rest_route=\/wp\/v2\/posts\/68391\/revisions"}],"predecessor-version":[{"id":68394,"href":"https:\/\/encuentroinformativo.com.mx\/index.php?rest_route=\/wp\/v2\/posts\/68391\/revisions\/68394"}],"wp:featuredmedia":[{"embeddable":true,"href":"https:\/\/encuentroinformativo.com.mx\/index.php?rest_route=\/wp\/v2\/media\/68392"}],"wp:attachment":[{"href":"https:\/\/encuentroinformativo.com.mx\/index.php?rest_route=%2Fwp%2Fv2%2Fmedia&parent=68391"}],"wp:term":[{"taxonomy":"category","embeddable":true,"href":"https:\/\/encuentroinformativo.com.mx\/index.php?rest_route=%2Fwp%2Fv2%2Fcategories&post=68391"},{"taxonomy":"post_tag","embeddable":true,"href":"https:\/\/encuentroinformativo.com.mx\/index.php?rest_route=%2Fwp%2Fv2%2Ftags&post=68391"}],"curies":[{"name":"wp","href":"https:\/\/api.w.org\/{rel}","templated":true}]}}