{"id":68402,"date":"2025-06-12T14:35:12","date_gmt":"2025-06-12T20:35:12","guid":{"rendered":"https:\/\/encuentroinformativo.com.mx\/?p=68402"},"modified":"2025-06-12T14:35:12","modified_gmt":"2025-06-12T20:35:12","slug":"anuncian-espectaculo-tipo-cirque-du-soleil-mexicano-en-xalapa","status":"publish","type":"post","link":"https:\/\/encuentroinformativo.com.mx\/?p=68402","title":{"rendered":"Anuncian espect\u00e1culo tipo Cirque du Soleil &#8220;mexicano&#8221; en Xalapa"},"content":{"rendered":"<p><strong>Dar\u00edo Pale<\/strong><\/p>\n<p>Xalapa, Ver.- Este jueves en conferencia de prensa, organizadores dieron a conocer el show circense &#8220;Alicia t\u00fa eres las maravillas&#8221;, mismo que se presentar\u00e1 el s\u00e1bado 30 de agosto en el Teatro del Estado.<\/p>\n<p>Se trata de un espect\u00e1culo &#8220;tipo Cirque du Soleil pero mexicano&#8221;, el cual est\u00e1 a cargo de la productora Circo Drag\u00f3n de Guadalajara y ser\u00e1 en beneficio de la Asociaci\u00f3n Veracruzana de Discapacitados Productivos A.C.<\/p>\n<p>Se indic\u00f3 que los boletos estar\u00e1n disponibles en l\u00ednea a trav\u00e9s de la boletera Red Access, pero tambi\u00e9n se podr\u00e1n adquirir a partir de este s\u00e1bado en el Hotel Xalapa.<\/p>\n<p>Al respecto, el presidente de la asociaci\u00f3n, Jos\u00e9 Arturo Acosta, indic\u00f3 que esta agrupaci\u00f3n no tiene fines de lucro y que se ha trabajado desde la inclusi\u00f3n laboral y social de las personas con discapacidad en el estado.<\/p>\n<p>Por su parte, el director de Turismo del Ayuntamiento de Xalapa, Josu\u00e9 V\u00e1zquez Gonz\u00e1lez, asegur\u00f3 que la ciudad de Xalapa se ha consolidado como una de las sedes para este tipo de eventos.<\/p>\n<p>Agreg\u00f3 que se trata de un evento que por primera vez llega a la capital y esto es un indicio de que Xalapa es una sede noble y perfecta.<\/p>\n","protected":false},"excerpt":{"rendered":"<p>Dar\u00edo Pale Xalapa, Ver.- Este jueves en conferencia de prensa, organizadores dieron a conocer el show circense &#8220;Alicia t\u00fa eres las maravillas&#8221;, mismo que se presentar\u00e1 el s\u00e1bado 30 de agosto en el Teatro del Estado. Se trata de un espect\u00e1culo &#8220;tipo Cirque du Soleil pero mexicano&#8221;, el cual est\u00e1 a cargo de la productora [&hellip;]<\/p>\n","protected":false},"author":2476,"featured_media":68403,"comment_status":"open","ping_status":"open","sticky":false,"template":"","format":"standard","meta":{"_jetpack_memberships_contains_paid_content":false,"footnotes":""},"categories":[3],"tags":[],"class_list":["post-68402","post","type-post","status-publish","format-standard","has-post-thumbnail","hentry","category-xalapa"],"jetpack_featured_media_url":"https:\/\/encuentroinformativo.com.mx\/wp-content\/uploads\/2025\/06\/IMG-20250612-WA0176.jpg","jetpack_sharing_enabled":true,"jetpack_likes_enabled":true,"amp_enabled":true,"_links":{"self":[{"href":"https:\/\/encuentroinformativo.com.mx\/index.php?rest_route=\/wp\/v2\/posts\/68402","targetHints":{"allow":["GET"]}}],"collection":[{"href":"https:\/\/encuentroinformativo.com.mx\/index.php?rest_route=\/wp\/v2\/posts"}],"about":[{"href":"https:\/\/encuentroinformativo.com.mx\/index.php?rest_route=\/wp\/v2\/types\/post"}],"author":[{"embeddable":true,"href":"https:\/\/encuentroinformativo.com.mx\/index.php?rest_route=\/wp\/v2\/users\/2476"}],"replies":[{"embeddable":true,"href":"https:\/\/encuentroinformativo.com.mx\/index.php?rest_route=%2Fwp%2Fv2%2Fcomments&post=68402"}],"version-history":[{"count":2,"href":"https:\/\/encuentroinformativo.com.mx\/index.php?rest_route=\/wp\/v2\/posts\/68402\/revisions"}],"predecessor-version":[{"id":68405,"href":"https:\/\/encuentroinformativo.com.mx\/index.php?rest_route=\/wp\/v2\/posts\/68402\/revisions\/68405"}],"wp:featuredmedia":[{"embeddable":true,"href":"https:\/\/encuentroinformativo.com.mx\/index.php?rest_route=\/wp\/v2\/media\/68403"}],"wp:attachment":[{"href":"https:\/\/encuentroinformativo.com.mx\/index.php?rest_route=%2Fwp%2Fv2%2Fmedia&parent=68402"}],"wp:term":[{"taxonomy":"category","embeddable":true,"href":"https:\/\/encuentroinformativo.com.mx\/index.php?rest_route=%2Fwp%2Fv2%2Fcategories&post=68402"},{"taxonomy":"post_tag","embeddable":true,"href":"https:\/\/encuentroinformativo.com.mx\/index.php?rest_route=%2Fwp%2Fv2%2Ftags&post=68402"}],"curies":[{"name":"wp","href":"https:\/\/api.w.org\/{rel}","templated":true}]}}