{"id":68413,"date":"2025-06-12T15:52:30","date_gmt":"2025-06-12T21:52:30","guid":{"rendered":"https:\/\/encuentroinformativo.com.mx\/?p=68413"},"modified":"2025-06-12T15:52:30","modified_gmt":"2025-06-12T21:52:30","slug":"en-martinez-detienen-a-hombre-acusado-de-realizar-tocamientos-a-una-menor","status":"publish","type":"post","link":"https:\/\/encuentroinformativo.com.mx\/?p=68413","title":{"rendered":"En Mart\u00ednez, detienen a hombre acusado de realizar tocamientos a una menor\u00a0"},"content":{"rendered":"<p><strong>Jos\u00e9 Vargas<\/strong><\/p>\n<p>Mart\u00ednez de la Torre, Ver.- Un hombre fue detenido por elementos de la Polic\u00eda Municipal y Estatal tras ser se\u00f1alado por la presunta comisi\u00f3n de actos indebidos en contra de una menor de tan solo cuatro a\u00f1os de edad, en hechos ocurridos en la localidad de Villa Independencia.<\/p>\n<p>De acuerdo con los primeros reportes, la madre de la ni\u00f1a denunci\u00f3 que su hija fue interceptada por un hombre mientras caminaba rumbo a una tienda en la colonia El Estudiante. La menor relat\u00f3 que el sujeto, quien utiliza muletas y se desempe\u00f1a como zapatero, habr\u00eda realizado tocamientos inapropiados en su cuerpo.<\/p>\n<p>El acusado fue identificado como Ernesto \u201cN\u201d, quien presuntamente tiene un taller de reparaci\u00f3n de calzado ubicado en la calle Universidad, esquina Guillermo Prieto, en la citada colonia.<\/p>\n<p>Seg\u00fan la denuncia, los hechos ocurrieron en la v\u00eda p\u00fablica, y pese a que la madre solicit\u00f3 auxilio de inmediato, los cuerpos policiales habr\u00edan tardado m\u00e1s de 30 minutos en llegar al lugar. Una vez localizado, el sujeto fue asegurado y puesto a disposici\u00f3n de las autoridades competentes.<\/p>\n<p>Hasta el momento, la Fiscal\u00eda General del Estado no ha emitido informaci\u00f3n oficial sobre la apertura de una carpeta de investigaci\u00f3n, ni ha confirmado la situaci\u00f3n jur\u00eddica del detenido. Se espera que en las pr\u00f3ximas horas se defina su situaci\u00f3n legal conforme a lo que establezcan las indagatorias correspondientes.<\/p>\n<p>Cabe destacar que, debido a la naturaleza del delito y la edad de la v\u00edctima, el caso deber\u00e1 ser tratado con apego a protocolos especializados en materia de atenci\u00f3n a menores y con respeto al debido proceso del se\u00f1alado, cuya presunci\u00f3n de inocencia debe prevalecer hasta que se emita una resoluci\u00f3n judicial.<\/p>\n<p>Organizaciones civiles han reiterado en m\u00faltiples ocasiones la urgencia de reforzar los mecanismos de prevenci\u00f3n y atenci\u00f3n inmediata en casos de violencia contra la infancia, as\u00ed como la capacitaci\u00f3n de cuerpos policiales para responder con mayor eficacia ante denuncias de este tipo.<\/p>\n","protected":false},"excerpt":{"rendered":"<p>Jos\u00e9 Vargas Mart\u00ednez de la Torre, Ver.- Un hombre fue detenido por elementos de la Polic\u00eda Municipal y Estatal tras ser se\u00f1alado por la presunta comisi\u00f3n de actos indebidos en contra de una menor de tan solo cuatro a\u00f1os de edad, en hechos ocurridos en la localidad de Villa Independencia. De acuerdo con los primeros [&hellip;]<\/p>\n","protected":false},"author":2476,"featured_media":68414,"comment_status":"open","ping_status":"open","sticky":false,"template":"","format":"standard","meta":{"_jetpack_memberships_contains_paid_content":false,"footnotes":""},"categories":[14],"tags":[],"class_list":["post-68413","post","type-post","status-publish","format-standard","has-post-thumbnail","hentry","category-policiaca"],"jetpack_featured_media_url":"https:\/\/encuentroinformativo.com.mx\/wp-content\/uploads\/2025\/06\/IMG-20250612-WA0159.jpg","jetpack_sharing_enabled":true,"jetpack_likes_enabled":true,"amp_enabled":true,"_links":{"self":[{"href":"https:\/\/encuentroinformativo.com.mx\/index.php?rest_route=\/wp\/v2\/posts\/68413","targetHints":{"allow":["GET"]}}],"collection":[{"href":"https:\/\/encuentroinformativo.com.mx\/index.php?rest_route=\/wp\/v2\/posts"}],"about":[{"href":"https:\/\/encuentroinformativo.com.mx\/index.php?rest_route=\/wp\/v2\/types\/post"}],"author":[{"embeddable":true,"href":"https:\/\/encuentroinformativo.com.mx\/index.php?rest_route=\/wp\/v2\/users\/2476"}],"replies":[{"embeddable":true,"href":"https:\/\/encuentroinformativo.com.mx\/index.php?rest_route=%2Fwp%2Fv2%2Fcomments&post=68413"}],"version-history":[{"count":1,"href":"https:\/\/encuentroinformativo.com.mx\/index.php?rest_route=\/wp\/v2\/posts\/68413\/revisions"}],"predecessor-version":[{"id":68415,"href":"https:\/\/encuentroinformativo.com.mx\/index.php?rest_route=\/wp\/v2\/posts\/68413\/revisions\/68415"}],"wp:featuredmedia":[{"embeddable":true,"href":"https:\/\/encuentroinformativo.com.mx\/index.php?rest_route=\/wp\/v2\/media\/68414"}],"wp:attachment":[{"href":"https:\/\/encuentroinformativo.com.mx\/index.php?rest_route=%2Fwp%2Fv2%2Fmedia&parent=68413"}],"wp:term":[{"taxonomy":"category","embeddable":true,"href":"https:\/\/encuentroinformativo.com.mx\/index.php?rest_route=%2Fwp%2Fv2%2Fcategories&post=68413"},{"taxonomy":"post_tag","embeddable":true,"href":"https:\/\/encuentroinformativo.com.mx\/index.php?rest_route=%2Fwp%2Fv2%2Ftags&post=68413"}],"curies":[{"name":"wp","href":"https:\/\/api.w.org\/{rel}","templated":true}]}}