{"id":68419,"date":"2025-06-13T11:03:54","date_gmt":"2025-06-13T17:03:54","guid":{"rendered":"https:\/\/encuentroinformativo.com.mx\/?p=68419"},"modified":"2025-06-13T11:03:54","modified_gmt":"2025-06-13T17:03:54","slug":"rayo-impacta-vivienda-en-capoacan-minatitlan-un-muerto-y-dos-heridos","status":"publish","type":"post","link":"https:\/\/encuentroinformativo.com.mx\/?p=68419","title":{"rendered":"Rayo impacta vivienda en Capoacan, Minatitl\u00e1n: un muerto y dos heridos"},"content":{"rendered":"<p><strong>Jos\u00e9 Vargas<\/strong><\/p>\n<p>Minatitl\u00e1n, Ver.- Una tragedia se registr\u00f3 la madrugada de este viernes en la congregaci\u00f3n de Capoacan, perteneciente al municipio de Minatitl\u00e1n, luego de que una descarga el\u00e9ctrica provocada por una tormenta impactara directamente sobre una vivienda, dejando como saldo una persona fallecida y dos m\u00e1s lesionadas.<\/p>\n<p>El incidente ocurri\u00f3 mientras una intensa tormenta el\u00e9ctrica azotaba la zona sur de Veracruz. De acuerdo con los primeros reportes, el rayo cay\u00f3 sobre una vivienda habitada por una familia, causando graves afectaciones tanto estructurales como humanas.<\/p>\n<p>Elementos de la Polic\u00eda Estatal y Municipal acudieron al sitio para tomar conocimiento de los hechos y resguardar la zona. Los heridos fueron atendidos por cuerpos de emergencia y trasladados a un hospital cercano, donde se reportan estables dentro de su gravedad.<\/p>\n<p>Hasta el momento, las autoridades no han revelado las identidades de las personas afectadas. El caso ha generado conmoci\u00f3n en la comunidad, que pide apoyo a Protecci\u00f3n Civil para evaluar riesgos similares en otras viviendas de la zona rural, donde es com\u00fan la falta de sistemas de protecci\u00f3n contra descargas el\u00e9ctricas.<\/p>\n<p><img loading=\"lazy\" decoding=\"async\" class=\"aligncenter size-medium wp-image-68421\" src=\"https:\/\/encuentroinformativo.com.mx\/wp-content\/uploads\/2025\/06\/Photo_1749833976342-300x297.jpg\" alt=\"\" width=\"300\" height=\"297\" srcset=\"https:\/\/encuentroinformativo.com.mx\/wp-content\/uploads\/2025\/06\/Photo_1749833976342-300x297.jpg 300w, https:\/\/encuentroinformativo.com.mx\/wp-content\/uploads\/2025\/06\/Photo_1749833976342-150x150.jpg 150w, https:\/\/encuentroinformativo.com.mx\/wp-content\/uploads\/2025\/06\/Photo_1749833976342-768x759.jpg 768w, https:\/\/encuentroinformativo.com.mx\/wp-content\/uploads\/2025\/06\/Photo_1749833976342.jpg 887w\" sizes=\"auto, (max-width: 300px) 100vw, 300px\" \/><\/p>\n","protected":false},"excerpt":{"rendered":"<p>Jos\u00e9 Vargas Minatitl\u00e1n, Ver.- Una tragedia se registr\u00f3 la madrugada de este viernes en la congregaci\u00f3n de Capoacan, perteneciente al municipio de Minatitl\u00e1n, luego de que una descarga el\u00e9ctrica provocada por una tormenta impactara directamente sobre una vivienda, dejando como saldo una persona fallecida y dos m\u00e1s lesionadas. El incidente ocurri\u00f3 mientras una intensa tormenta [&hellip;]<\/p>\n","protected":false},"author":2476,"featured_media":68420,"comment_status":"open","ping_status":"open","sticky":false,"template":"","format":"standard","meta":{"_jetpack_memberships_contains_paid_content":false,"footnotes":""},"categories":[2],"tags":[],"class_list":["post-68419","post","type-post","status-publish","format-standard","has-post-thumbnail","hentry","category-estado"],"jetpack_featured_media_url":"https:\/\/encuentroinformativo.com.mx\/wp-content\/uploads\/2025\/06\/Photo_1749833938936.jpg","jetpack_sharing_enabled":true,"jetpack_likes_enabled":true,"amp_enabled":true,"_links":{"self":[{"href":"https:\/\/encuentroinformativo.com.mx\/index.php?rest_route=\/wp\/v2\/posts\/68419","targetHints":{"allow":["GET"]}}],"collection":[{"href":"https:\/\/encuentroinformativo.com.mx\/index.php?rest_route=\/wp\/v2\/posts"}],"about":[{"href":"https:\/\/encuentroinformativo.com.mx\/index.php?rest_route=\/wp\/v2\/types\/post"}],"author":[{"embeddable":true,"href":"https:\/\/encuentroinformativo.com.mx\/index.php?rest_route=\/wp\/v2\/users\/2476"}],"replies":[{"embeddable":true,"href":"https:\/\/encuentroinformativo.com.mx\/index.php?rest_route=%2Fwp%2Fv2%2Fcomments&post=68419"}],"version-history":[{"count":1,"href":"https:\/\/encuentroinformativo.com.mx\/index.php?rest_route=\/wp\/v2\/posts\/68419\/revisions"}],"predecessor-version":[{"id":68422,"href":"https:\/\/encuentroinformativo.com.mx\/index.php?rest_route=\/wp\/v2\/posts\/68419\/revisions\/68422"}],"wp:featuredmedia":[{"embeddable":true,"href":"https:\/\/encuentroinformativo.com.mx\/index.php?rest_route=\/wp\/v2\/media\/68420"}],"wp:attachment":[{"href":"https:\/\/encuentroinformativo.com.mx\/index.php?rest_route=%2Fwp%2Fv2%2Fmedia&parent=68419"}],"wp:term":[{"taxonomy":"category","embeddable":true,"href":"https:\/\/encuentroinformativo.com.mx\/index.php?rest_route=%2Fwp%2Fv2%2Fcategories&post=68419"},{"taxonomy":"post_tag","embeddable":true,"href":"https:\/\/encuentroinformativo.com.mx\/index.php?rest_route=%2Fwp%2Fv2%2Ftags&post=68419"}],"curies":[{"name":"wp","href":"https:\/\/api.w.org\/{rel}","templated":true}]}}