{"id":68423,"date":"2025-06-13T11:18:59","date_gmt":"2025-06-13T17:18:59","guid":{"rendered":"https:\/\/encuentroinformativo.com.mx\/?p=68423"},"modified":"2025-06-13T11:18:59","modified_gmt":"2025-06-13T17:18:59","slug":"ejecutan-a-policia-municipal-en-jaltipan","status":"publish","type":"post","link":"https:\/\/encuentroinformativo.com.mx\/?p=68423","title":{"rendered":"Ejecutan a polic\u00eda municipal en J\u00e1ltipan"},"content":{"rendered":"<p><strong>Jos\u00e9 Vargas<\/strong><\/p>\n<p>J\u00e1ltipan de Morelos, Ver.-\u00a0 La ma\u00f1ana de este viernes fue asesinado un elemento activo de la Polic\u00eda Municipal de J\u00e1ltipan, mientras se encontraba en su d\u00eda franco. El crimen ocurri\u00f3 en una zona transitada del centro del municipio, generando p\u00e1nico entre transe\u00fantes y comerciantes.<\/p>\n<p>El ataque se registr\u00f3 alrededor de las 9:00 a.m. en la calle Lerdo, esquina con Morelos, justo a un costado del banco Banamex. De acuerdo con versiones preliminares, el oficial fue sorprendido por cuatro sujetos armados que viajaban a bordo de una camioneta blanca tipo Hilux. Los agresores descendieron del veh\u00edculo y dispararon a quemarropa, acertando m\u00faltiples impactos en su cuerpo.<\/p>\n<p>El polic\u00eda cay\u00f3 abatido en el lugar, y aunque algunos testigos intentaron auxiliarlo, ya no presentaba signos vitales. Minutos despu\u00e9s, elementos de distintas corporaciones acudieron para acordonar la zona e iniciar las diligencias.<\/p>\n<p>Uno de los aspectos m\u00e1s llamativos del ataque es que, tras asesinarlo, los sicarios le arrebataron una mochila y se la llevaron consigo al huir del sitio.<\/p>\n<p>Hasta el momento se desconoce el contenido de dicha mochila, y ninguna autoridad ha emitido informaci\u00f3n sobre si conten\u00eda objetos personales, documentos oficiales o alg\u00fan otro tipo de material.<\/p>\n<p>La identidad del polic\u00eda asesinado no ha sido revelada oficialmente, pero se confirm\u00f3 que era elemento activo de la corporaci\u00f3n local y resid\u00eda en el municipio de J\u00e1ltipan.<\/p>\n<p>La ejecuci\u00f3n ocurre en un contexto de creciente violencia en la regi\u00f3n sur del estado, donde polic\u00edas municipales han sido blanco de ataques en meses recientes. Habitantes y autoridades han expresado su preocupaci\u00f3n por el aumento en la agresividad de estos hechos, muchos de ellos ocurridos a plena luz del d\u00eda y en zonas con alta afluencia de personas.<\/p>\n<p>La Fiscal\u00eda Regional de Veracruz abri\u00f3 una carpeta de investigaci\u00f3n y realiza las pesquisas para esclarecer el crimen. Hasta el momento no se reportan personas detenidas ni se ha establecido una l\u00ednea clara sobre el m\u00f3vil del asesinato.<\/p>\n","protected":false},"excerpt":{"rendered":"<p>Jos\u00e9 Vargas J\u00e1ltipan de Morelos, Ver.-\u00a0 La ma\u00f1ana de este viernes fue asesinado un elemento activo de la Polic\u00eda Municipal de J\u00e1ltipan, mientras se encontraba en su d\u00eda franco. El crimen ocurri\u00f3 en una zona transitada del centro del municipio, generando p\u00e1nico entre transe\u00fantes y comerciantes. El ataque se registr\u00f3 alrededor de las 9:00 a.m. [&hellip;]<\/p>\n","protected":false},"author":2476,"featured_media":68424,"comment_status":"open","ping_status":"open","sticky":false,"template":"","format":"standard","meta":{"_jetpack_memberships_contains_paid_content":false,"footnotes":""},"categories":[14],"tags":[],"class_list":["post-68423","post","type-post","status-publish","format-standard","has-post-thumbnail","hentry","category-policiaca"],"jetpack_featured_media_url":"https:\/\/encuentroinformativo.com.mx\/wp-content\/uploads\/2025\/06\/Photo_1749834873301.jpg","jetpack_sharing_enabled":true,"jetpack_likes_enabled":true,"amp_enabled":true,"_links":{"self":[{"href":"https:\/\/encuentroinformativo.com.mx\/index.php?rest_route=\/wp\/v2\/posts\/68423","targetHints":{"allow":["GET"]}}],"collection":[{"href":"https:\/\/encuentroinformativo.com.mx\/index.php?rest_route=\/wp\/v2\/posts"}],"about":[{"href":"https:\/\/encuentroinformativo.com.mx\/index.php?rest_route=\/wp\/v2\/types\/post"}],"author":[{"embeddable":true,"href":"https:\/\/encuentroinformativo.com.mx\/index.php?rest_route=\/wp\/v2\/users\/2476"}],"replies":[{"embeddable":true,"href":"https:\/\/encuentroinformativo.com.mx\/index.php?rest_route=%2Fwp%2Fv2%2Fcomments&post=68423"}],"version-history":[{"count":2,"href":"https:\/\/encuentroinformativo.com.mx\/index.php?rest_route=\/wp\/v2\/posts\/68423\/revisions"}],"predecessor-version":[{"id":68426,"href":"https:\/\/encuentroinformativo.com.mx\/index.php?rest_route=\/wp\/v2\/posts\/68423\/revisions\/68426"}],"wp:featuredmedia":[{"embeddable":true,"href":"https:\/\/encuentroinformativo.com.mx\/index.php?rest_route=\/wp\/v2\/media\/68424"}],"wp:attachment":[{"href":"https:\/\/encuentroinformativo.com.mx\/index.php?rest_route=%2Fwp%2Fv2%2Fmedia&parent=68423"}],"wp:term":[{"taxonomy":"category","embeddable":true,"href":"https:\/\/encuentroinformativo.com.mx\/index.php?rest_route=%2Fwp%2Fv2%2Fcategories&post=68423"},{"taxonomy":"post_tag","embeddable":true,"href":"https:\/\/encuentroinformativo.com.mx\/index.php?rest_route=%2Fwp%2Fv2%2Ftags&post=68423"}],"curies":[{"name":"wp","href":"https:\/\/api.w.org\/{rel}","templated":true}]}}