{"id":68427,"date":"2025-06-13T11:25:58","date_gmt":"2025-06-13T17:25:58","guid":{"rendered":"https:\/\/encuentroinformativo.com.mx\/?p=68427"},"modified":"2025-06-13T11:25:58","modified_gmt":"2025-06-13T17:25:58","slug":"dia-del-padre","status":"publish","type":"post","link":"https:\/\/encuentroinformativo.com.mx\/?p=68427","title":{"rendered":"D\u00cdA DEL PADRE"},"content":{"rendered":"<div>\n<p dir=\"ltr\"><strong>Los Pol\u00edticos<\/strong><\/p>\n<p dir=\"ltr\"><strong><span style=\"font-size: 1rem;\">Salvador Mu\u00f1oz<\/span><\/strong><\/p>\n<p dir=\"ltr\">En estos tiempos tan de empoderamiento y discurso de equidad, \u2013donde cada d\u00eda nos remachacan que es \u201cTiempo de Mujeres\u201d\u2013, ya no s\u00e9 qu\u00e9 tan pol\u00edticamente correcto sea comentar que este domingo se celebra el D\u00eda del Padre porque mientras en lo medi\u00e1tico se eleva el matriarcado como estandarte, en lo comercial se intenta desesperadamente levantar las ventas con el gancho paternal\u2026 y francamente, no hay gancho que jale como el 10 de mayo en nuestro M\u00e9xico lindo y querido.<\/p>\n<p dir=\"ltr\">En pocas palabras, a los padres no les va tan padre como a las madres, que les va de poca madre!<\/p>\n<p dir=\"ltr\">Porque no me diga usted Se\u00f1or Padre de familia que recibe un mejor regalo que la Se\u00f1ora. A lo mucho un perfumito gen\u00e9rico, una comida con descuento o esa camisita de oferta con etiqueta de \u201cPap\u00e1 Luch\u00f3n\u201d; o ese cl\u00e1sico: \u201cEres mi h\u00e9roe\u201d; o de chavorruco: \u201cYo soy tu padre\u201d, que uno agradece con sonrisa falsa y ticket en mano porque hasta nos dan la gracia de que si no nos gusta, tenemos chance de cambio.<\/p>\n<p dir=\"ltr\">Pero le aseguro que esos obsequios son como cuando vemos a un pol\u00edtico estrenando camioneta, casa, yate\u2026 en realidad lo que vemos son nuestros impuestos trabajando\u2026 y en el caso de los regalos paternales, son un recordatorio de que lo que uno recibe es cortes\u00eda del propio sudor, envuelto con mo\u00f1o, claro est\u00e1.<\/p>\n<p dir=\"ltr\">Pero no se ag\u00fciten! Vean el lado positivo\u2026 en lo pol\u00edtico, si bien hay una mujer en la presidencia; y en Veracruz, otra en la Gubernatura, podemos decir que tenemos \u00a1Patronas!<\/p>\n<p dir=\"ltr\">Y de cierto modo, cu\u00e1ntos de nuestros candidatos se parecen a muchos padres de hoy en d\u00eda\u2026 de \u00e9sos que un d\u00eda llegan, te prometen el sol y las estrellas\u2026 y luego: \u00a1desaparecen! Y ni siquiera una nota: \u201cVoy por los cigarros!\u201d<\/p>\n<p dir=\"ltr\">C\u00f3mo olvidar a \u00e9sos que durante la campa\u00f1a, se acercan a los j\u00f3venes con ese tono paternal y condescendiente: \u201cHijo, t\u00fa eres el futuro\u2026\u201d Y apenas pasa la elecci\u00f3n, \u00a1hijos s\u00ed, pero abandonados! \u00a1Los dejaron m\u00e1s hu\u00e9rfanos que un cachito de Loter\u00eda!<\/p>\n<p dir=\"ltr\">Antes, decir Pap\u00e1 marcaba una hegemon\u00eda sobre todo y todos\u2026 por ejemplo, el PRI era el pap\u00e1 de todos los partidos (por poder, por clientela y por ADN)\u2026 pero ahora con Morena, en una de \u00e9sas, ya estamos hablando de la Mam\u00e1 de los Pol\u00edticos\u2026<\/p>\n<p dir=\"ltr\">De cierto modo, hay pol\u00edticos que se sienten tan \u201cPapacitos\u201d, que buscan heredar el poder y el apellido como si la boleta fuera testamento y la Silla o la Curul, patrimonio familiar! S\u00ed, s\u00e9 que muchos nombres y caras le vinieron a la mente\u2026 pero yo no me Andy con rodeos!<\/p>\n<p dir=\"ltr\">Por cierto, en Morena, por ser un partido relativamente nuevo, s\u00f3lo podemos hablar de un Gran Padre: Andr\u00e9s Manuel\u2026 muy diferente al PRI o al PAN que se tomaron d\u00e9cadas para generar dinast\u00edas\u2026 vamos, hasta el extinto PRD que de tanta paternidad termin\u00f3 por parir una camada de hijos pr\u00f3digos, bastardos y renegados cada uno fundando su propio changarro. La diferencia con Morena y \u00e9stos, es que los segundos se tardaron a\u00f1os en crearlos\u2026 en el primero, en menos de un sexenio.<\/p>\n<p dir=\"ltr\">Es m\u00e1s, el PRI fue semillero de grandes padres de la pol\u00edtica, como Jes\u00fas Reyes Heroles o Porfirio Mu\u00f1oz Ledo (antes de que se volviera abuelo sabio del sistema entero); en el PAN, Manuel G\u00f3mez Morin, Carlos Castillo Peraza entre otros.<\/p>\n<p dir=\"ltr\">Y el PRD\u2026 bueno, tuvo a Cuauht\u00e9moc C\u00e1rdenas, el Hijo del Tata, pero tratado como Padre Fundador. Porque en la pol\u00edtica mexicana, hay hijos que heredan apellido\u2026 y otros que les toca Padrastro.<\/p>\n<p dir=\"ltr\">As\u00ed que este D\u00eda del Padre, brindemos por esos hombres que no solo dan la cara por sus hijos, sino tambi\u00e9n hasta por los hijos de los otros, de \u00e9sos que se fueron por los cigarros!<\/p>\n<p dir=\"ltr\">Y recuerde: los buenos padres no abandonan a sus hijos\u2026 pero los malos pol\u00edticos, abandonan hasta a su partido y eso es no tener madre!<\/p>\n<\/div>\n<div><\/div>\n<div><\/div>\n","protected":false},"excerpt":{"rendered":"<p>Los Pol\u00edticos Salvador Mu\u00f1oz En estos tiempos tan de empoderamiento y discurso de equidad, \u2013donde cada d\u00eda nos remachacan que es \u201cTiempo de Mujeres\u201d\u2013, ya no s\u00e9 qu\u00e9 tan pol\u00edticamente correcto sea comentar que este domingo se celebra el D\u00eda del Padre porque mientras en lo medi\u00e1tico se eleva el matriarcado como estandarte, en lo [&hellip;]<\/p>\n","protected":false},"author":2476,"featured_media":387,"comment_status":"open","ping_status":"open","sticky":false,"template":"","format":"standard","meta":{"_jetpack_memberships_contains_paid_content":false,"footnotes":""},"categories":[11],"tags":[],"class_list":["post-68427","post","type-post","status-publish","format-standard","has-post-thumbnail","hentry","category-opinion"],"jetpack_featured_media_url":"https:\/\/encuentroinformativo.com.mx\/wp-content\/uploads\/2020\/03\/7CF8A22B-2764-47BE-8F7F-38FE9E5D6A2F.jpeg","jetpack_sharing_enabled":true,"jetpack_likes_enabled":true,"amp_enabled":true,"_links":{"self":[{"href":"https:\/\/encuentroinformativo.com.mx\/index.php?rest_route=\/wp\/v2\/posts\/68427","targetHints":{"allow":["GET"]}}],"collection":[{"href":"https:\/\/encuentroinformativo.com.mx\/index.php?rest_route=\/wp\/v2\/posts"}],"about":[{"href":"https:\/\/encuentroinformativo.com.mx\/index.php?rest_route=\/wp\/v2\/types\/post"}],"author":[{"embeddable":true,"href":"https:\/\/encuentroinformativo.com.mx\/index.php?rest_route=\/wp\/v2\/users\/2476"}],"replies":[{"embeddable":true,"href":"https:\/\/encuentroinformativo.com.mx\/index.php?rest_route=%2Fwp%2Fv2%2Fcomments&post=68427"}],"version-history":[{"count":1,"href":"https:\/\/encuentroinformativo.com.mx\/index.php?rest_route=\/wp\/v2\/posts\/68427\/revisions"}],"predecessor-version":[{"id":68428,"href":"https:\/\/encuentroinformativo.com.mx\/index.php?rest_route=\/wp\/v2\/posts\/68427\/revisions\/68428"}],"wp:featuredmedia":[{"embeddable":true,"href":"https:\/\/encuentroinformativo.com.mx\/index.php?rest_route=\/wp\/v2\/media\/387"}],"wp:attachment":[{"href":"https:\/\/encuentroinformativo.com.mx\/index.php?rest_route=%2Fwp%2Fv2%2Fmedia&parent=68427"}],"wp:term":[{"taxonomy":"category","embeddable":true,"href":"https:\/\/encuentroinformativo.com.mx\/index.php?rest_route=%2Fwp%2Fv2%2Fcategories&post=68427"},{"taxonomy":"post_tag","embeddable":true,"href":"https:\/\/encuentroinformativo.com.mx\/index.php?rest_route=%2Fwp%2Fv2%2Ftags&post=68427"}],"curies":[{"name":"wp","href":"https:\/\/api.w.org\/{rel}","templated":true}]}}