{"id":6843,"date":"2020-10-13T10:17:35","date_gmt":"2020-10-13T15:17:35","guid":{"rendered":"https:\/\/encuentroinformativo.com.mx\/?p=6843"},"modified":"2020-10-13T10:17:38","modified_gmt":"2020-10-13T15:17:38","slug":"supera-veracruz-35-mil-casos-de-covid","status":"publish","type":"post","link":"https:\/\/encuentroinformativo.com.mx\/?p=6843","title":{"rendered":"Supera Veracruz 35 mil casos de Covid"},"content":{"rendered":"\n<p><strong>Juan Arcos\u00a0<\/strong><\/p>\n\n\n\n<p>Xalapa, Ver.- El estado de Veracruz super\u00f3 los 35 mil casos positivos acumulados de SARS-COV-2 (COVID-19), durante el primer d\u00eda en sem\u00e1foro epidemiol\u00f3gico color amarillo, de riesgo medio de contagio.<\/p>\n\n\n\n<p>La Secretar\u00eda de Salud del gobierno estatal confirm\u00f3 un total de 35 mil 89 casos, en 205 de los 212 municipios de la entidad, de los cuales, 631 son activos y representan el mayor riesgo por haber iniciado con s\u00edntomas en los \u00faltimos 14 d\u00edas.<\/p>\n\n\n\n<p>En las \u00faltimas 24 horas, las autoridades sanitarias contabilizaron 140 nuevos casos positivos, toda vez que la noche del domingo se ten\u00eda registro de 34 mil 949.<\/p>\n\n\n\n<p>El n\u00famero de defunciones tambi\u00e9n se elev\u00f3 a 4 mil 621en 172 demarcaciones, es decir, que s\u00f3lo se contabilizaron cuatro nuevos casos en todo el territorio veracruzano, seg\u00fan las cifras del Sector Salud.<\/p>\n\n\n\n<p>De acuerdo con la jefa de Epidemiolog\u00eda de la Secretar\u00eda de Salud de Veracruz, Dulce Mar\u00eda Espejo Guevara, 9 mil 34 casos son sospechosos y contin\u00faan en investigaci\u00f3n, en 183 municipios.<\/p>\n\n\n\n<p>Dio a conocer que en el estado de Veracruz han sido estudiados &nbsp;64 mil 706 casos, de los cuales 20 mil 583 resultaron negativos.<\/p>\n\n\n\n<p>Adem\u00e1s, los municipios con m\u00e1s casos positivos son: Veracruz con 7 mil 892, Xalapa con 2 mil 285, Coatzacoalcos con 2 mil 82, Orizaba con mil 999, C\u00f3rdoba con mil 940 y Poza Rica de Hidalgo con mil 753.<\/p>\n\n\n\n<p>La funcionaria estatal revel\u00f3 que 27 mil 186 pacientes se han recuperado de la enfermedad y recibieron el alta en alguna unidad del Sector Salud, 5 mil 15 requirieron hospitalizaci\u00f3n y 3 mil 282 contin\u00faan en observaci\u00f3n.<\/p>\n\n\n\n<p>Por su parte, la subdirectora de Prevenci\u00f3n y Control de Enfermedades, Guadalupe D\u00edaz del Castillo, record\u00f3 que desde el lunes y&nbsp;hasta el domingo 25&nbsp;prevalecer\u00e1 el sem\u00e1foro naranja en 196 municipios.<br>\u201cSi vives en alguno de ellos qu\u00e9date en casa, sigue las medidas preventivas y mant\u00e9n la sana distancia. Si ya tienes coronavirus conserva la calma, pues en el 85 por ciento de las personas la enfermedad ser\u00e1 leve y llama al&nbsp;800 0123 456, donde especialistas evaluar\u00e1n si debes acudir o no a un centro de salud para valoraci\u00f3n\u201d.<\/p>\n\n\n\n<p><strong>ABASTO DE MEDICAMENTOS ONCOL\u00d3GICOS<\/strong><br>El secretario de Salud de Veracruz, Roberto Ramos Alor, record\u00f3 que se llev\u00f3 a cabo una reuni\u00f3n con personal de las secretar\u00edas de Salud federal y estatal, y Hacienda y Cr\u00e9dito P\u00fablico, con el objetivo de estrechar lazos de comunicaci\u00f3n y coordinaci\u00f3n, para garantizar el abasto de medicamentos oncol\u00f3gicos en los hospitales.<\/p>\n\n\n\n<p>En el encuentro estuvieron presentes m\u00e9dicos especialistas en oncolog\u00eda pedi\u00e1trica y del Hospital de Alta Especialidad de Veracruz.<\/p>\n\n\n\n<p>\u201cEn esa mesa se mostr\u00f3 el gran compromiso que tienen los m\u00e9dicos con los pacientes, eso se llama vocaci\u00f3n y nada tiene que ver con temas pol\u00edticos, por eso mi sincero agradecimiento para ellos\u201d.<\/p>\n\n\n\n<p>A\u00f1adi\u00f3 que el director administrativo de los Servicios de Salud de Veracruz, Jorge Eduardo Sisniega Fern\u00e1ndez, revis\u00f3 las claves de los medicamentos que hay en existencia, los que han llegado y las nuevas adquisiciones.<\/p>\n\n\n\n<p>\u201cTambi\u00e9n coincidieron en la importancia que tiene que los tratamientos se cumplan con un est\u00e1ndar de calidad, autenticidad y, por supuesto, legalidad, eso es vital para la protecci\u00f3n y la vida de los pacientes, sin lugar a dudas fue una reuni\u00f3n muy productiva y que tendr\u00e1 un seguimiento puntual y que iremos involucrando a los familiares que viven gestionando los tratamientos para sus pacientes\u201d.<\/p>\n\n\n\n<p>Finalmente, Ramos Alor pidi\u00f3 a la poblaci\u00f3n que no \u201chaga a un lado\u201d las medidas de protecci\u00f3n sanitaria, pues el coronavirus sigue presente y tiene movilidad con personas que a\u00fan no asumen la responsabilidad de la prevenci\u00f3n. &nbsp;<\/p>\n","protected":false},"excerpt":{"rendered":"<p>Juan Arcos\u00a0 Xalapa, Ver.- El estado de Veracruz super\u00f3 los 35 mil casos positivos acumulados de SARS-COV-2 (COVID-19), durante el primer d\u00eda en sem\u00e1foro epidemiol\u00f3gico color amarillo, de riesgo medio de contagio. La Secretar\u00eda de Salud del gobierno estatal confirm\u00f3 un total de 35 mil 89 casos, en 205 de los 212 municipios de la [&hellip;]<\/p>\n","protected":false},"author":1,"featured_media":4453,"comment_status":"open","ping_status":"open","sticky":false,"template":"","format":"standard","meta":{"_jetpack_memberships_contains_paid_content":false,"footnotes":""},"categories":[9],"tags":[],"class_list":["post-6843","post","type-post","status-publish","format-standard","has-post-thumbnail","hentry","category-salud"],"jetpack_featured_media_url":"https:\/\/encuentroinformativo.com.mx\/wp-content\/uploads\/2020\/07\/E608F765-B76B-4C8F-A2AD-2F59DC92D1A7.jpeg","jetpack_sharing_enabled":true,"jetpack_likes_enabled":true,"amp_enabled":true,"_links":{"self":[{"href":"https:\/\/encuentroinformativo.com.mx\/index.php?rest_route=\/wp\/v2\/posts\/6843","targetHints":{"allow":["GET"]}}],"collection":[{"href":"https:\/\/encuentroinformativo.com.mx\/index.php?rest_route=\/wp\/v2\/posts"}],"about":[{"href":"https:\/\/encuentroinformativo.com.mx\/index.php?rest_route=\/wp\/v2\/types\/post"}],"author":[{"embeddable":true,"href":"https:\/\/encuentroinformativo.com.mx\/index.php?rest_route=\/wp\/v2\/users\/1"}],"replies":[{"embeddable":true,"href":"https:\/\/encuentroinformativo.com.mx\/index.php?rest_route=%2Fwp%2Fv2%2Fcomments&post=6843"}],"version-history":[{"count":1,"href":"https:\/\/encuentroinformativo.com.mx\/index.php?rest_route=\/wp\/v2\/posts\/6843\/revisions"}],"predecessor-version":[{"id":6844,"href":"https:\/\/encuentroinformativo.com.mx\/index.php?rest_route=\/wp\/v2\/posts\/6843\/revisions\/6844"}],"wp:featuredmedia":[{"embeddable":true,"href":"https:\/\/encuentroinformativo.com.mx\/index.php?rest_route=\/wp\/v2\/media\/4453"}],"wp:attachment":[{"href":"https:\/\/encuentroinformativo.com.mx\/index.php?rest_route=%2Fwp%2Fv2%2Fmedia&parent=6843"}],"wp:term":[{"taxonomy":"category","embeddable":true,"href":"https:\/\/encuentroinformativo.com.mx\/index.php?rest_route=%2Fwp%2Fv2%2Fcategories&post=6843"},{"taxonomy":"post_tag","embeddable":true,"href":"https:\/\/encuentroinformativo.com.mx\/index.php?rest_route=%2Fwp%2Fv2%2Ftags&post=6843"}],"curies":[{"name":"wp","href":"https:\/\/api.w.org\/{rel}","templated":true}]}}