{"id":68433,"date":"2025-06-13T12:04:04","date_gmt":"2025-06-13T18:04:04","guid":{"rendered":"https:\/\/encuentroinformativo.com.mx\/?p=68433"},"modified":"2025-06-13T12:05:23","modified_gmt":"2025-06-13T18:05:23","slug":"exhorta-iglesia-a-reflexionar-sobre-responsabilidad-paterna","status":"publish","type":"post","link":"https:\/\/encuentroinformativo.com.mx\/?p=68433","title":{"rendered":"Exhorta Iglesia a reflexionar sobre responsabilidad paterna"},"content":{"rendered":"<p><strong>Dar\u00edo Pale<\/strong><\/p>\n<p>Xalapa, Ver.- El vocero de la Arquidi\u00f3cesis de Xalapa el padre Juan Beristain de los Santos hizo un llamado a reflexionar sobre la importancia de la figura paterna en la familia y en la sociedad, reconociendo a quienes la ejercen con responsabilidad, amor y entrega.<\/p>\n<p>En el marco del D\u00eda del Padre, que se celebra en M\u00e9xico el pr\u00f3ximo 15 de junio, expres\u00f3 su reconocimiento a todos los padres que, con esfuerzo y compromiso, est\u00e1n presentes en la vida de sus hijos e hijas, gui\u00e1ndolos con su ejemplo y dedicaci\u00f3n.<\/p>\n<p>Destac\u00f3 que la figura del padre es fundamental para el sano desarrollo emocional, espiritual y social de las nuevas generaciones.<\/p>\n<p>\u201cValoramos profundamente a todos los padres que viven su vocaci\u00f3n con generosidad y amor. Ser padre es una bendici\u00f3n y una responsabilidad que transforma vidas\u201d, afirm\u00f3.<\/p>\n<p>Asimismo, el presb\u00edtero hizo un llamado fraterno a quienes, por diversas circunstancias, se han distanciado o han descuidado las responsabilidades que les corresponden.<\/p>\n<p>Se\u00f1al\u00f3 que nunca es tarde para corregir el rumbo y asumir con madurez el compromiso que implica la paternidad.<\/p>\n<p>\u201cTambi\u00e9n queremos hablar a quienes no han sido del todo responsables en su rol como padres. Siempre hay oportunidad de reconciliaci\u00f3n, de acercarse a los hijos y resignificar la paternidad. Ser padre no es solo una condici\u00f3n biol\u00f3gica, es una tarea de amor permanente\u201d, se\u00f1al\u00f3.<\/p>\n<p>Finalmente, Beristain de Los Santos invit\u00f3 a las familias a celebrar este D\u00eda del Padre no solo con regalos o festejos, sino con gestos de gratitud, cercan\u00eda y reconciliaci\u00f3n, promoviendo los valores que fortalecen la unidad familiar.<\/p>\n","protected":false},"excerpt":{"rendered":"<p>Dar\u00edo Pale Xalapa, Ver.- El vocero de la Arquidi\u00f3cesis de Xalapa el padre Juan Beristain de los Santos hizo un llamado a reflexionar sobre la importancia de la figura paterna en la familia y en la sociedad, reconociendo a quienes la ejercen con responsabilidad, amor y entrega. En el marco del D\u00eda del Padre, que [&hellip;]<\/p>\n","protected":false},"author":2476,"featured_media":68435,"comment_status":"open","ping_status":"open","sticky":false,"template":"","format":"standard","meta":{"_jetpack_memberships_contains_paid_content":false,"footnotes":""},"categories":[3],"tags":[],"class_list":["post-68433","post","type-post","status-publish","format-standard","has-post-thumbnail","hentry","category-xalapa"],"jetpack_featured_media_url":"https:\/\/encuentroinformativo.com.mx\/wp-content\/uploads\/2025\/06\/IMG-20250613-WA00782.jpg","jetpack_sharing_enabled":true,"jetpack_likes_enabled":true,"amp_enabled":true,"_links":{"self":[{"href":"https:\/\/encuentroinformativo.com.mx\/index.php?rest_route=\/wp\/v2\/posts\/68433","targetHints":{"allow":["GET"]}}],"collection":[{"href":"https:\/\/encuentroinformativo.com.mx\/index.php?rest_route=\/wp\/v2\/posts"}],"about":[{"href":"https:\/\/encuentroinformativo.com.mx\/index.php?rest_route=\/wp\/v2\/types\/post"}],"author":[{"embeddable":true,"href":"https:\/\/encuentroinformativo.com.mx\/index.php?rest_route=\/wp\/v2\/users\/2476"}],"replies":[{"embeddable":true,"href":"https:\/\/encuentroinformativo.com.mx\/index.php?rest_route=%2Fwp%2Fv2%2Fcomments&post=68433"}],"version-history":[{"count":1,"href":"https:\/\/encuentroinformativo.com.mx\/index.php?rest_route=\/wp\/v2\/posts\/68433\/revisions"}],"predecessor-version":[{"id":68436,"href":"https:\/\/encuentroinformativo.com.mx\/index.php?rest_route=\/wp\/v2\/posts\/68433\/revisions\/68436"}],"wp:featuredmedia":[{"embeddable":true,"href":"https:\/\/encuentroinformativo.com.mx\/index.php?rest_route=\/wp\/v2\/media\/68435"}],"wp:attachment":[{"href":"https:\/\/encuentroinformativo.com.mx\/index.php?rest_route=%2Fwp%2Fv2%2Fmedia&parent=68433"}],"wp:term":[{"taxonomy":"category","embeddable":true,"href":"https:\/\/encuentroinformativo.com.mx\/index.php?rest_route=%2Fwp%2Fv2%2Fcategories&post=68433"},{"taxonomy":"post_tag","embeddable":true,"href":"https:\/\/encuentroinformativo.com.mx\/index.php?rest_route=%2Fwp%2Fv2%2Ftags&post=68433"}],"curies":[{"name":"wp","href":"https:\/\/api.w.org\/{rel}","templated":true}]}}