{"id":68441,"date":"2025-06-13T12:54:49","date_gmt":"2025-06-13T18:54:49","guid":{"rendered":"https:\/\/encuentroinformativo.com.mx\/?p=68441"},"modified":"2025-06-13T12:54:49","modified_gmt":"2025-06-13T18:54:49","slug":"impugna-memo-herrada-eleccion-de-medellin","status":"publish","type":"post","link":"https:\/\/encuentroinformativo.com.mx\/?p=68441","title":{"rendered":"Impugna Memo Herrada elecci\u00f3n de Medell\u00edn\u00a0"},"content":{"rendered":"<p><strong>Alejandro \u00c1vila<\/strong><\/p>\n<p>Medell\u00edn de Bravo, Ver.- La ma\u00f1ana de este viernes 13 de junio el candidato de Movimiento Ciudadano a la alcald\u00eda de Medell\u00edn de Bravo, Guillermo Herrada Jim\u00e9nez, anunci\u00f3 en sus redes sociales que s\u00ed impugn\u00f3 la elecci\u00f3n del pasado 1 de junio, por lo que no tardaron en desatarse los memes a trav\u00e9s de las redes sociales.<\/p>\n<p>La p\u00e1gina de los &#8220;Memes de Medell\u00edn&#8221; mostr\u00f3 a un musculoso pez naranja con cara de &#8220;Nemo&#8221; respaldado por cientos de ciudadanos, abrumando y poniendo nervioso a un capibara, en alusi\u00f3n al candidato de Morena; los comentarios y reacciones nos hicieron esperar y las disputas post electorales volvieron a encender las redes sociales.<\/p>\n<p>Por su parte, el candidato de Movimiento Ciudadano inform\u00f3 a la Familia Memo que, el pasado 9 de junio, conforme lo marca la ley, present\u00f3 pruebas y el escrito correspondiente para impugnar la elecci\u00f3n, puntualizando las irregularidades que se presentaron durante el proceso electoral.<\/p>\n<p>_Quiero manifestar, que no soy una persona que se conforma con acuerdos, afortunadamente todo lo que he logrado es gracias a ustedes, a su confianza, su cari\u00f1o, mismo que me han motivado a seguir luchando por que vean de diferente forma a Medell\u00edn, mi intenci\u00f3n siempre ha sido de impulsar a todos para un bien com\u00fan_<\/p>\n<p>_Y los que andan hablando de m\u00e1s, les recomiendo que mejor se pongan hacer lo que yo hago trabajar por Medellin y por su gente, a esas personas que solo se la viven perdiendo el tiempo en sus transmisiones, mejor le recomiendo salir a trabajar, ya que est\u00e1 m\u00e1s que claro que no cuentan con la confianza de los medellinenses por siempre manejarse como problem\u00e1ticos y conflictivos_<\/p>\n","protected":false},"excerpt":{"rendered":"<p>Alejandro \u00c1vila Medell\u00edn de Bravo, Ver.- La ma\u00f1ana de este viernes 13 de junio el candidato de Movimiento Ciudadano a la alcald\u00eda de Medell\u00edn de Bravo, Guillermo Herrada Jim\u00e9nez, anunci\u00f3 en sus redes sociales que s\u00ed impugn\u00f3 la elecci\u00f3n del pasado 1 de junio, por lo que no tardaron en desatarse los memes a trav\u00e9s [&hellip;]<\/p>\n","protected":false},"author":2476,"featured_media":68442,"comment_status":"open","ping_status":"open","sticky":false,"template":"","format":"standard","meta":{"_jetpack_memberships_contains_paid_content":false,"footnotes":""},"categories":[2],"tags":[],"class_list":["post-68441","post","type-post","status-publish","format-standard","has-post-thumbnail","hentry","category-estado"],"jetpack_featured_media_url":"https:\/\/encuentroinformativo.com.mx\/wp-content\/uploads\/2025\/06\/IMG-20250613-WA01042.jpg","jetpack_sharing_enabled":true,"jetpack_likes_enabled":true,"amp_enabled":true,"_links":{"self":[{"href":"https:\/\/encuentroinformativo.com.mx\/index.php?rest_route=\/wp\/v2\/posts\/68441","targetHints":{"allow":["GET"]}}],"collection":[{"href":"https:\/\/encuentroinformativo.com.mx\/index.php?rest_route=\/wp\/v2\/posts"}],"about":[{"href":"https:\/\/encuentroinformativo.com.mx\/index.php?rest_route=\/wp\/v2\/types\/post"}],"author":[{"embeddable":true,"href":"https:\/\/encuentroinformativo.com.mx\/index.php?rest_route=\/wp\/v2\/users\/2476"}],"replies":[{"embeddable":true,"href":"https:\/\/encuentroinformativo.com.mx\/index.php?rest_route=%2Fwp%2Fv2%2Fcomments&post=68441"}],"version-history":[{"count":1,"href":"https:\/\/encuentroinformativo.com.mx\/index.php?rest_route=\/wp\/v2\/posts\/68441\/revisions"}],"predecessor-version":[{"id":68443,"href":"https:\/\/encuentroinformativo.com.mx\/index.php?rest_route=\/wp\/v2\/posts\/68441\/revisions\/68443"}],"wp:featuredmedia":[{"embeddable":true,"href":"https:\/\/encuentroinformativo.com.mx\/index.php?rest_route=\/wp\/v2\/media\/68442"}],"wp:attachment":[{"href":"https:\/\/encuentroinformativo.com.mx\/index.php?rest_route=%2Fwp%2Fv2%2Fmedia&parent=68441"}],"wp:term":[{"taxonomy":"category","embeddable":true,"href":"https:\/\/encuentroinformativo.com.mx\/index.php?rest_route=%2Fwp%2Fv2%2Fcategories&post=68441"},{"taxonomy":"post_tag","embeddable":true,"href":"https:\/\/encuentroinformativo.com.mx\/index.php?rest_route=%2Fwp%2Fv2%2Ftags&post=68441"}],"curies":[{"name":"wp","href":"https:\/\/api.w.org\/{rel}","templated":true}]}}