{"id":6845,"date":"2020-10-13T10:24:45","date_gmt":"2020-10-13T15:24:45","guid":{"rendered":"https:\/\/encuentroinformativo.com.mx\/?p=6845"},"modified":"2020-10-13T10:24:48","modified_gmt":"2020-10-13T15:24:48","slug":"anuncian-feria-de-la-vivienda-virtual","status":"publish","type":"post","link":"https:\/\/encuentroinformativo.com.mx\/?p=6845","title":{"rendered":"Anuncian Feria de la Vivienda Virtual"},"content":{"rendered":"\n<p><strong>Alejandro \u00c1vila<\/strong><\/p>\n\n\n\n<p>Veracruz, Ver.- Debido a la pandemia por COVID-19 diversas instituciones tuvieron que cambiar sus eventos o la forma en que se llevaban a cabo, motivo por el cual la CANADEVI anunci\u00f3 que del 1 al 31 de octubre se desarrollar\u00e1 el mes de vivienda de manera virtual.<\/p>\n\n\n\n<p>El presidente de la CANADEVI en el estado de Veracruz, Jorge Miguel Sosa Zamudio, explic\u00f3 que este evento similar a una feria de la vivienda presencial, solo que en esta ocasi\u00f3n se ofrecer\u00e1 la casa de forma virtual y posteriormente, una vez llegado a un pre acuerdo, se ir\u00e1 directamente al desarrollo donde est\u00e1 la casa de su agrado.<\/p>\n\n\n\n<p>Son nueve fraccionamientos participantes hasta el momento, siendo m\u00e1s de 400 viviendas las que est\u00e1n siendo ofertadas a trav\u00e9s de @CamaraDeLaViviendaVeracruz, ah\u00ed los interesados podr\u00e1n conocer las ubicaciones de estos fraccionamientos y los inmuebles que est\u00e1n en venta.<\/p>\n\n\n\n<p>Mediante esta actividad, seg\u00fan se inform\u00f3, se espera lograr una importante derrama econ\u00f3mica para el sector de la vivienda, en este Mes de la Vivienda se contar\u00e1 con la participaci\u00f3n de instituciones como, INFONAVIT y FOVISSSTE.<\/p>\n\n\n\n<p>Asimismo, indic\u00f3 que se ofertar\u00e1n en este evento casas cuyo valor va de los 315 mil 800 pesos, hasta los 2 millones 378 mil 750 pesos, siendo estas viviendas tanto de inter\u00e9s social, como de inter\u00e9s medio, residencial y residencial plus.<\/p>\n\n\n\n<p>Finalmente, el presidente de la C\u00e1mara Nacional de la Industria de Desarrollo y Promoci\u00f3n de Vivienda en Veracruz, Jorge Miguel Sosa Zamudio invit\u00f3 a los interesados a visitar la p\u00e1gina de Facebook de CANADEVI Veracruz, donde podr\u00e1n obtener mayor informaci\u00f3n sobre los apoyos y beneficios que se ofrecer\u00e1n a lo largo de este evento en los municipios y fraccionamientos participantes.<\/p>\n","protected":false},"excerpt":{"rendered":"<p>Alejandro \u00c1vila Veracruz, Ver.- Debido a la pandemia por COVID-19 diversas instituciones tuvieron que cambiar sus eventos o la forma en que se llevaban a cabo, motivo por el cual la CANADEVI anunci\u00f3 que del 1 al 31 de octubre se desarrollar\u00e1 el mes de vivienda de manera virtual. El presidente de la CANADEVI en [&hellip;]<\/p>\n","protected":false},"author":1,"featured_media":6846,"comment_status":"open","ping_status":"open","sticky":false,"template":"","format":"standard","meta":{"_jetpack_memberships_contains_paid_content":false,"footnotes":""},"categories":[2],"tags":[],"class_list":["post-6845","post","type-post","status-publish","format-standard","has-post-thumbnail","hentry","category-estado"],"jetpack_featured_media_url":"https:\/\/encuentroinformativo.com.mx\/wp-content\/uploads\/2020\/10\/097F7358-61B0-4D10-A920-50EC4F6E3489.jpeg","jetpack_sharing_enabled":true,"jetpack_likes_enabled":true,"amp_enabled":true,"_links":{"self":[{"href":"https:\/\/encuentroinformativo.com.mx\/index.php?rest_route=\/wp\/v2\/posts\/6845","targetHints":{"allow":["GET"]}}],"collection":[{"href":"https:\/\/encuentroinformativo.com.mx\/index.php?rest_route=\/wp\/v2\/posts"}],"about":[{"href":"https:\/\/encuentroinformativo.com.mx\/index.php?rest_route=\/wp\/v2\/types\/post"}],"author":[{"embeddable":true,"href":"https:\/\/encuentroinformativo.com.mx\/index.php?rest_route=\/wp\/v2\/users\/1"}],"replies":[{"embeddable":true,"href":"https:\/\/encuentroinformativo.com.mx\/index.php?rest_route=%2Fwp%2Fv2%2Fcomments&post=6845"}],"version-history":[{"count":1,"href":"https:\/\/encuentroinformativo.com.mx\/index.php?rest_route=\/wp\/v2\/posts\/6845\/revisions"}],"predecessor-version":[{"id":6847,"href":"https:\/\/encuentroinformativo.com.mx\/index.php?rest_route=\/wp\/v2\/posts\/6845\/revisions\/6847"}],"wp:featuredmedia":[{"embeddable":true,"href":"https:\/\/encuentroinformativo.com.mx\/index.php?rest_route=\/wp\/v2\/media\/6846"}],"wp:attachment":[{"href":"https:\/\/encuentroinformativo.com.mx\/index.php?rest_route=%2Fwp%2Fv2%2Fmedia&parent=6845"}],"wp:term":[{"taxonomy":"category","embeddable":true,"href":"https:\/\/encuentroinformativo.com.mx\/index.php?rest_route=%2Fwp%2Fv2%2Fcategories&post=6845"},{"taxonomy":"post_tag","embeddable":true,"href":"https:\/\/encuentroinformativo.com.mx\/index.php?rest_route=%2Fwp%2Fv2%2Ftags&post=6845"}],"curies":[{"name":"wp","href":"https:\/\/api.w.org\/{rel}","templated":true}]}}