{"id":68463,"date":"2025-06-14T17:43:22","date_gmt":"2025-06-14T23:43:22","guid":{"rendered":"https:\/\/encuentroinformativo.com.mx\/?p=68463"},"modified":"2025-06-14T17:43:22","modified_gmt":"2025-06-14T23:43:22","slug":"pide-coparmex-buscar-otro-metodo-de-seleccion-al-poder-judicial","status":"publish","type":"post","link":"https:\/\/encuentroinformativo.com.mx\/?p=68463","title":{"rendered":"Pide COPARMEX buscar otro m\u00e9todo de selecci\u00f3n al Poder Judicial"},"content":{"rendered":"<p><strong>Dar\u00edo Pale<\/strong><\/p>\n<p>Xalapa, Ver.- Arturo Blanco Hern\u00e1ndez, presidente de Coparmex Xalapa, dio a conocer que la participaci\u00f3n para la elecci\u00f3n del poder judicial fue muy bajo si acaso fue del 13 por ciento y puede ser que no sea el m\u00e9todo de elegir jueces y magistrados.<\/p>\n<p>Dijo que, \u201ccreemos que la votaci\u00f3n al Poder Judicial fue muy baja, estamos hablando del 13 por ciento en Coparmex pensamos que hemos aprendido tal vez que quiz\u00e1 ese no sea el m\u00e9todo de elecci\u00f3n para jueces, magistrados y ministros\u201d.<\/p>\n<p>Dijo que van a buscar impulsar un di\u00e1logo para tratar de buscar otros mecanismos de elecci\u00f3n del poder judicial.<\/p>\n<p>\u201cDesde la Nacional buscaremos impulsar un di\u00e1logo para tratar de buscar otros mecanismos de elecci\u00f3n del Poder Judicial, que es muy importante y que pone en riesgo la certeza jur\u00eddica que necesitamos todos\u201d, coment\u00f3.<\/p>\n<p>En otro orden de ideas en lo que se refiere a los aranceles dijo que, hoy los aranceles subieron del 25 al 50 por ciento en acero y en aluminio, lo cual va a repercutir a varias empresas.<\/p>\n<p>Finalmente coment\u00f3 que dicho incremento va a impactar a las empresas de estos rubros y tambi\u00e9n va a traer repercusiones en el corto y mediano plazo para empresas de gas.<\/p>\n","protected":false},"excerpt":{"rendered":"<p>Dar\u00edo Pale Xalapa, Ver.- Arturo Blanco Hern\u00e1ndez, presidente de Coparmex Xalapa, dio a conocer que la participaci\u00f3n para la elecci\u00f3n del poder judicial fue muy bajo si acaso fue del 13 por ciento y puede ser que no sea el m\u00e9todo de elegir jueces y magistrados. Dijo que, \u201ccreemos que la votaci\u00f3n al Poder Judicial [&hellip;]<\/p>\n","protected":false},"author":2476,"featured_media":68464,"comment_status":"open","ping_status":"open","sticky":false,"template":"","format":"standard","meta":{"_jetpack_memberships_contains_paid_content":false,"footnotes":""},"categories":[2],"tags":[],"class_list":["post-68463","post","type-post","status-publish","format-standard","has-post-thumbnail","hentry","category-estado"],"jetpack_featured_media_url":"https:\/\/encuentroinformativo.com.mx\/wp-content\/uploads\/2025\/06\/IMG-20250605-WA0109-1.jpg","jetpack_sharing_enabled":true,"jetpack_likes_enabled":true,"amp_enabled":true,"_links":{"self":[{"href":"https:\/\/encuentroinformativo.com.mx\/index.php?rest_route=\/wp\/v2\/posts\/68463","targetHints":{"allow":["GET"]}}],"collection":[{"href":"https:\/\/encuentroinformativo.com.mx\/index.php?rest_route=\/wp\/v2\/posts"}],"about":[{"href":"https:\/\/encuentroinformativo.com.mx\/index.php?rest_route=\/wp\/v2\/types\/post"}],"author":[{"embeddable":true,"href":"https:\/\/encuentroinformativo.com.mx\/index.php?rest_route=\/wp\/v2\/users\/2476"}],"replies":[{"embeddable":true,"href":"https:\/\/encuentroinformativo.com.mx\/index.php?rest_route=%2Fwp%2Fv2%2Fcomments&post=68463"}],"version-history":[{"count":1,"href":"https:\/\/encuentroinformativo.com.mx\/index.php?rest_route=\/wp\/v2\/posts\/68463\/revisions"}],"predecessor-version":[{"id":68465,"href":"https:\/\/encuentroinformativo.com.mx\/index.php?rest_route=\/wp\/v2\/posts\/68463\/revisions\/68465"}],"wp:featuredmedia":[{"embeddable":true,"href":"https:\/\/encuentroinformativo.com.mx\/index.php?rest_route=\/wp\/v2\/media\/68464"}],"wp:attachment":[{"href":"https:\/\/encuentroinformativo.com.mx\/index.php?rest_route=%2Fwp%2Fv2%2Fmedia&parent=68463"}],"wp:term":[{"taxonomy":"category","embeddable":true,"href":"https:\/\/encuentroinformativo.com.mx\/index.php?rest_route=%2Fwp%2Fv2%2Fcategories&post=68463"},{"taxonomy":"post_tag","embeddable":true,"href":"https:\/\/encuentroinformativo.com.mx\/index.php?rest_route=%2Fwp%2Fv2%2Ftags&post=68463"}],"curies":[{"name":"wp","href":"https:\/\/api.w.org\/{rel}","templated":true}]}}