{"id":68469,"date":"2025-06-14T18:07:08","date_gmt":"2025-06-15T00:07:08","guid":{"rendered":"https:\/\/encuentroinformativo.com.mx\/?p=68469"},"modified":"2025-06-14T18:07:08","modified_gmt":"2025-06-15T00:07:08","slug":"debemos-estar-atentos-por-proximas-lluvias-pc","status":"publish","type":"post","link":"https:\/\/encuentroinformativo.com.mx\/?p=68469","title":{"rendered":"Debemos estar atentos por pr\u00f3ximas lluvias: PC"},"content":{"rendered":"<p><strong>* Autoridades exhortan a vigilar zonas de laderas y orillas de r\u00edos.\u00a0<\/strong><\/p>\n<p><strong>Dar\u00edo Pale<\/strong><\/p>\n<p>Xalapa, Ver.- El meteor\u00f3logo, Jos\u00e9 Llanos Arias de la Secretar\u00eda de Protecci\u00f3n Civil del Estado de Veracruz, alert\u00f3 a los ciudadanos para que se mantengan atentos a los fen\u00f3menos naturales, esto ante las lluvias que se aproximan en la semana.<\/p>\n<p>Se aproxima una semana lluviosa, por ello, indic\u00f3 que todas aquellas personas que vivan en laderas, orillas de r\u00edos y afluentes, deber\u00e1n de tomar las debidas precauciones para evitar cualquier riesgo hacia sus personas.<\/p>\n<p>\u201cVamos a una semana lluviosa, as\u00ed que tenemos que estar atentos a quienes vivimos en zonas de laderas, donde pueden ocurrir deslaves y derrumbes debemos estar observando nuestros alrededores que no exista alg\u00fan escurrimiento de agua\u201d.<\/p>\n<p>Pidi\u00f3 vigilar si en estas pendientes hay \u00e1rboles ladeados, pues eso implicar\u00eda la posibilidad de un deslave o derrumbe. En cuanto a las familias que viven en las costas deben permanecer informados porque las lluvias podr\u00edan generar crecidas de arroyos y r\u00edos de respuestas r\u00e1pidas.<\/p>\n<p>Finalmente coment\u00f3 que, \u201ces donde debemos estarlos vigilando en los siguientes d\u00edas, nuestras viviendas que se ubican muy cerca de los cauces de los r\u00edos, tambi\u00e9n estas comunidades asentadas en estas zonas, deber\u00e1n estar atentos y seguir las recomendaciones de las autoridades de Protecci\u00f3n Civil\u201d.<\/p>\n","protected":false},"excerpt":{"rendered":"<p>* Autoridades exhortan a vigilar zonas de laderas y orillas de r\u00edos.\u00a0 Dar\u00edo Pale Xalapa, Ver.- El meteor\u00f3logo, Jos\u00e9 Llanos Arias de la Secretar\u00eda de Protecci\u00f3n Civil del Estado de Veracruz, alert\u00f3 a los ciudadanos para que se mantengan atentos a los fen\u00f3menos naturales, esto ante las lluvias que se aproximan en la semana. Se [&hellip;]<\/p>\n","protected":false},"author":2476,"featured_media":68471,"comment_status":"open","ping_status":"open","sticky":false,"template":"","format":"standard","meta":{"_jetpack_memberships_contains_paid_content":false,"footnotes":""},"categories":[2],"tags":[],"class_list":["post-68469","post","type-post","status-publish","format-standard","has-post-thumbnail","hentry","category-estado"],"jetpack_featured_media_url":"https:\/\/encuentroinformativo.com.mx\/wp-content\/uploads\/2025\/06\/IMG-20250614-WA0245.jpg","jetpack_sharing_enabled":true,"jetpack_likes_enabled":true,"amp_enabled":true,"_links":{"self":[{"href":"https:\/\/encuentroinformativo.com.mx\/index.php?rest_route=\/wp\/v2\/posts\/68469","targetHints":{"allow":["GET"]}}],"collection":[{"href":"https:\/\/encuentroinformativo.com.mx\/index.php?rest_route=\/wp\/v2\/posts"}],"about":[{"href":"https:\/\/encuentroinformativo.com.mx\/index.php?rest_route=\/wp\/v2\/types\/post"}],"author":[{"embeddable":true,"href":"https:\/\/encuentroinformativo.com.mx\/index.php?rest_route=\/wp\/v2\/users\/2476"}],"replies":[{"embeddable":true,"href":"https:\/\/encuentroinformativo.com.mx\/index.php?rest_route=%2Fwp%2Fv2%2Fcomments&post=68469"}],"version-history":[{"count":1,"href":"https:\/\/encuentroinformativo.com.mx\/index.php?rest_route=\/wp\/v2\/posts\/68469\/revisions"}],"predecessor-version":[{"id":68470,"href":"https:\/\/encuentroinformativo.com.mx\/index.php?rest_route=\/wp\/v2\/posts\/68469\/revisions\/68470"}],"wp:featuredmedia":[{"embeddable":true,"href":"https:\/\/encuentroinformativo.com.mx\/index.php?rest_route=\/wp\/v2\/media\/68471"}],"wp:attachment":[{"href":"https:\/\/encuentroinformativo.com.mx\/index.php?rest_route=%2Fwp%2Fv2%2Fmedia&parent=68469"}],"wp:term":[{"taxonomy":"category","embeddable":true,"href":"https:\/\/encuentroinformativo.com.mx\/index.php?rest_route=%2Fwp%2Fv2%2Fcategories&post=68469"},{"taxonomy":"post_tag","embeddable":true,"href":"https:\/\/encuentroinformativo.com.mx\/index.php?rest_route=%2Fwp%2Fv2%2Ftags&post=68469"}],"curies":[{"name":"wp","href":"https:\/\/api.w.org\/{rel}","templated":true}]}}