{"id":68472,"date":"2025-06-14T18:18:46","date_gmt":"2025-06-15T00:18:46","guid":{"rendered":"https:\/\/encuentroinformativo.com.mx\/?p=68472"},"modified":"2025-06-14T18:18:46","modified_gmt":"2025-06-15T00:18:46","slug":"canaco-espera-repunte-de-ventas-por-dia-del-padre","status":"publish","type":"post","link":"https:\/\/encuentroinformativo.com.mx\/?p=68472","title":{"rendered":"CANACO espera repunte de ventas por D\u00eda del Padre"},"content":{"rendered":"<p><strong>Dar\u00edo Pale<\/strong><\/p>\n<p>Xalapa, Ver.- Con la finalidad de la celebraci\u00f3n del d\u00eda del padre la C\u00e1mara Nacional de Comercio (CANACO), espera ventas del 20 por ciento por lo que a nivel nacional prev\u00e9n una derrama econ\u00f3mica de 45 mil 500 millones de pesos.<\/p>\n<p>El presidente de la C\u00e1mara Nacional de Comercio (Canaco), Luis Francisco Llera Hern\u00e1ndez dijo que por el D\u00eda del Padre, el sector empresarial de la ciudad de Xalapa, espera lograr ventas de hasta un 20 por ciento.<\/p>\n<p>\u201cEs una jornada que fortalece a millones de negocios familiares, donde se prev\u00e9 un incremento de ventas entre un 15 y 20 por ciento en comparaci\u00f3n de un d\u00eda normal. Estas celebraciones reflejan el arraigo de comercio formal como motor de bienestar\u201d, se\u00f1al\u00f3.<\/p>\n<p>Fue parte del pronunciamiento del l\u00edder empresarial en la capital veracruzana, previo a la celebraci\u00f3n para el festejo de los pap\u00e1s, que durante este 2025, corresponder\u00e1 el domingo 15 de junio.<\/p>\n<p>Tambi\u00e9n explic\u00f3 que, en esa fecha, significa mayores ventas en el \u00e1rea metropolitana, adem\u00e1s, indic\u00f3 que Canaco Xalapa, impulsa el consumo interno y responsable en los lugares legalmente establecidos para fortalecer la participaci\u00f3n de las micro y medianas empresas que integran el tejido econ\u00f3mico de la regi\u00f3n.<\/p>\n<p>Finalmente dijo que a nivel nacional se prev\u00e9 una expectativa econ\u00f3mica de 45 mil 500 millones de pesos, lo que representa un incremento del 8 por ciento en comparaci\u00f3n del a\u00f1o anterior, es decir de 2024.<\/p>\n","protected":false},"excerpt":{"rendered":"<p>Dar\u00edo Pale Xalapa, Ver.- Con la finalidad de la celebraci\u00f3n del d\u00eda del padre la C\u00e1mara Nacional de Comercio (CANACO), espera ventas del 20 por ciento por lo que a nivel nacional prev\u00e9n una derrama econ\u00f3mica de 45 mil 500 millones de pesos. El presidente de la C\u00e1mara Nacional de Comercio (Canaco), Luis Francisco Llera [&hellip;]<\/p>\n","protected":false},"author":2476,"featured_media":68473,"comment_status":"open","ping_status":"open","sticky":false,"template":"","format":"standard","meta":{"_jetpack_memberships_contains_paid_content":false,"footnotes":""},"categories":[3],"tags":[],"class_list":["post-68472","post","type-post","status-publish","format-standard","has-post-thumbnail","hentry","category-xalapa"],"jetpack_featured_media_url":"https:\/\/encuentroinformativo.com.mx\/wp-content\/uploads\/2025\/06\/IMG-20250614-WA0284.jpg","jetpack_sharing_enabled":true,"jetpack_likes_enabled":true,"amp_enabled":true,"_links":{"self":[{"href":"https:\/\/encuentroinformativo.com.mx\/index.php?rest_route=\/wp\/v2\/posts\/68472","targetHints":{"allow":["GET"]}}],"collection":[{"href":"https:\/\/encuentroinformativo.com.mx\/index.php?rest_route=\/wp\/v2\/posts"}],"about":[{"href":"https:\/\/encuentroinformativo.com.mx\/index.php?rest_route=\/wp\/v2\/types\/post"}],"author":[{"embeddable":true,"href":"https:\/\/encuentroinformativo.com.mx\/index.php?rest_route=\/wp\/v2\/users\/2476"}],"replies":[{"embeddable":true,"href":"https:\/\/encuentroinformativo.com.mx\/index.php?rest_route=%2Fwp%2Fv2%2Fcomments&post=68472"}],"version-history":[{"count":1,"href":"https:\/\/encuentroinformativo.com.mx\/index.php?rest_route=\/wp\/v2\/posts\/68472\/revisions"}],"predecessor-version":[{"id":68474,"href":"https:\/\/encuentroinformativo.com.mx\/index.php?rest_route=\/wp\/v2\/posts\/68472\/revisions\/68474"}],"wp:featuredmedia":[{"embeddable":true,"href":"https:\/\/encuentroinformativo.com.mx\/index.php?rest_route=\/wp\/v2\/media\/68473"}],"wp:attachment":[{"href":"https:\/\/encuentroinformativo.com.mx\/index.php?rest_route=%2Fwp%2Fv2%2Fmedia&parent=68472"}],"wp:term":[{"taxonomy":"category","embeddable":true,"href":"https:\/\/encuentroinformativo.com.mx\/index.php?rest_route=%2Fwp%2Fv2%2Fcategories&post=68472"},{"taxonomy":"post_tag","embeddable":true,"href":"https:\/\/encuentroinformativo.com.mx\/index.php?rest_route=%2Fwp%2Fv2%2Ftags&post=68472"}],"curies":[{"name":"wp","href":"https:\/\/api.w.org\/{rel}","templated":true}]}}