{"id":68477,"date":"2025-06-15T15:56:08","date_gmt":"2025-06-15T21:56:08","guid":{"rendered":"https:\/\/encuentroinformativo.com.mx\/?p=68477"},"modified":"2025-06-15T15:56:08","modified_gmt":"2025-06-15T21:56:08","slug":"salsero-mexicano-cantara-con-gilberto-santa-rosa-en-festival-de-la-salsa","status":"publish","type":"post","link":"https:\/\/encuentroinformativo.com.mx\/?p=68477","title":{"rendered":"Salsero mexicano cantar\u00e1 con Gilberto Santa Rosa en Festival de la Salsa"},"content":{"rendered":"<p><strong>Alejandro \u00c1vila<\/strong><\/p>\n<p>Veracruz, Ver.- En un hecho sin precedentes, porque ser\u00e1 la primera ocasi\u00f3n que de forma oficial se realice un dueto en el Festival de la Salsa de Veracruz, el salsero mexicano Jimmy Rodr\u00edguez participar\u00e1 en el escenario con el &#8220;Caballero de la Salsa&#8221;, Gilberto Santa Rosa.<\/p>\n<p>Aprovechando su visita a Veracruz dio a conocer su nuevo tema \u201cVuelve\u201d, en colaboraci\u00f3n con la cantante peruana Daniela Darcourt.<\/p>\n<p>\u201cEstar\u00e9 cantando junto con el maestro Gilberto Santa Rosa, uno de sus mayores \u00e9xitos. Ando bien emocionado, contento y esperemos que Veracruz disfrute de este show que haremos junto con el maestro\u201d, coment\u00f3 el salsero mexicano.<\/p>\n<p>Jimmy Rodr\u00edguez adelant\u00f3 que su nueva canci\u00f3n \u201cVuelve\u201d en colaboraci\u00f3n con Daniela Darcourt, se incluye en su nueva producci\u00f3n titulada \u201cLoco So\u00f1ador\u201d que contiene siete temas, entre ellos: Rumb\u00f3n; Cielito Lindo, Ella sabe\u2026 \u201cY se viene otro disco este a\u00f1o, para el mes de agosto con colaboraciones grand\u00edsimas con salseros de renombre mundial. Viene mucha m\u00e1s salsa de Jimmy Rodr\u00edguez, est\u00e9n pendientes\u201d.<\/p>\n<p>Asimismo expres\u00f3 que regresar al Salsa Fest el pr\u00f3ximo a\u00f1o y hacer un dueto con la veracruzana Yuri son sus dos m\u00e1ximos deseos.<\/p>\n","protected":false},"excerpt":{"rendered":"<p>Alejandro \u00c1vila Veracruz, Ver.- En un hecho sin precedentes, porque ser\u00e1 la primera ocasi\u00f3n que de forma oficial se realice un dueto en el Festival de la Salsa de Veracruz, el salsero mexicano Jimmy Rodr\u00edguez participar\u00e1 en el escenario con el &#8220;Caballero de la Salsa&#8221;, Gilberto Santa Rosa. Aprovechando su visita a Veracruz dio a [&hellip;]<\/p>\n","protected":false},"author":2476,"featured_media":68478,"comment_status":"open","ping_status":"open","sticky":false,"template":"","format":"standard","meta":{"_jetpack_memberships_contains_paid_content":false,"footnotes":""},"categories":[2],"tags":[],"class_list":["post-68477","post","type-post","status-publish","format-standard","has-post-thumbnail","hentry","category-estado"],"jetpack_featured_media_url":"https:\/\/encuentroinformativo.com.mx\/wp-content\/uploads\/2025\/06\/IMG-20250615-WA0058.jpg","jetpack_sharing_enabled":true,"jetpack_likes_enabled":true,"amp_enabled":true,"_links":{"self":[{"href":"https:\/\/encuentroinformativo.com.mx\/index.php?rest_route=\/wp\/v2\/posts\/68477","targetHints":{"allow":["GET"]}}],"collection":[{"href":"https:\/\/encuentroinformativo.com.mx\/index.php?rest_route=\/wp\/v2\/posts"}],"about":[{"href":"https:\/\/encuentroinformativo.com.mx\/index.php?rest_route=\/wp\/v2\/types\/post"}],"author":[{"embeddable":true,"href":"https:\/\/encuentroinformativo.com.mx\/index.php?rest_route=\/wp\/v2\/users\/2476"}],"replies":[{"embeddable":true,"href":"https:\/\/encuentroinformativo.com.mx\/index.php?rest_route=%2Fwp%2Fv2%2Fcomments&post=68477"}],"version-history":[{"count":1,"href":"https:\/\/encuentroinformativo.com.mx\/index.php?rest_route=\/wp\/v2\/posts\/68477\/revisions"}],"predecessor-version":[{"id":68479,"href":"https:\/\/encuentroinformativo.com.mx\/index.php?rest_route=\/wp\/v2\/posts\/68477\/revisions\/68479"}],"wp:featuredmedia":[{"embeddable":true,"href":"https:\/\/encuentroinformativo.com.mx\/index.php?rest_route=\/wp\/v2\/media\/68478"}],"wp:attachment":[{"href":"https:\/\/encuentroinformativo.com.mx\/index.php?rest_route=%2Fwp%2Fv2%2Fmedia&parent=68477"}],"wp:term":[{"taxonomy":"category","embeddable":true,"href":"https:\/\/encuentroinformativo.com.mx\/index.php?rest_route=%2Fwp%2Fv2%2Fcategories&post=68477"},{"taxonomy":"post_tag","embeddable":true,"href":"https:\/\/encuentroinformativo.com.mx\/index.php?rest_route=%2Fwp%2Fv2%2Ftags&post=68477"}],"curies":[{"name":"wp","href":"https:\/\/api.w.org\/{rel}","templated":true}]}}